{"id":7960,"date":"2022-11-02T10:03:29","date_gmt":"2022-11-02T10:03:29","guid":{"rendered":"https:\/\/www.dhenne-avocat.sea-dev-and-sun.fr\/2022\/11\/02\/blog-dhenne-avocats-17\/"},"modified":"2022-11-02T10:03:29","modified_gmt":"2022-11-02T10:03:29","slug":"blog-dhenne-avocats-17","status":"publish","type":"post","link":"https:\/\/www.dhenne-avocats.fr\/en\/blog-dhenne-avocats-17\/","title":{"rendered":"A patent application is sufficient for provisional measures"},"content":{"rendered":"<p><em><strong>Dans une d\u00e9cision du 3 juin 2022, opposant NOVARTIS et BIOGARAN, le Tribunal Judiciaire de Paris a admis la recevabilit\u00e9 d&rsquo;une demande de mesures provisoires fond\u00e9e sur une demande de <a href=\"https:\/\/www.dhenne-avocats.fr\/en\/lexique-propriete-industrielle\/european-patent\/\">brevet europ\u00e9en<\/a>. Cette solution, aussi surprenante qu&rsquo;elle puisse para\u00eetre \u00e0 premi\u00e8re vue, pourrait n\u00e9anmoins \u00eatre justifi\u00e9e.<\/strong><\/em><\/p>\n<p>La d\u00e9cision comment\u00e9e est une ordonnance rendue dans une affaire opposant NOVARTIS \u00e0 BIOGARAN concernant une autorisation de mise sur le march\u00e9 obtenue par cette derni\u00e8re pour la substance active fingolimod utilis\u00e9e en monoth\u00e9rapie pour le traitement des formes tr\u00e8s actives de la scl\u00e9rose en plaques r\u00e9currente-r\u00e9mittente. La demande de brevet europ\u00e9en n\u00b0 <a href=\"https:\/\/register.epo.org\/application?number=EP15177166\">EP 2 959 894<\/a>, qui couvre ladite sp\u00e9cialit\u00e9, avait \u00e9t\u00e9 invoqu\u00e9e par son titulaire (NOVARTIS) comme fondement de sa demande de mesures provisoires, imm\u00e9diatement apr\u00e8s que la Chambre de recours de l&rsquo;<a href=\"https:\/\/www.dhenne-avocats.fr\/en\/lexique-propriete-industrielle\/oeb\/\">EPO (European Patent Office)<\/a> ait ordonn\u00e9 \u00e0 la Division d&rsquo;examen de d\u00e9livrer le brevet sur la base d&rsquo;une seule des 11 revendications soumises \u00e0 l&rsquo;Office, alors que le brevet n&rsquo;avait pas encore \u00e9t\u00e9 d\u00e9livr\u00e9. <strong>Le juge a toutefois admis la recevabilit\u00e9 d&rsquo;une telle action fond\u00e9e sur la demande de brevet europ\u00e9en<\/strong>, tout en consid\u00e9rant que l&rsquo;unique revendication en cause n&rsquo;\u00e9tait ni nouvelle ni inventive, de sorte que des mesures provisoires n&rsquo;\u00e9taient pas justifi\u00e9es.<\/p>\n<p>Cette reconnaissance de<strong> la recevabilit\u00e9 de l&rsquo;action en contrefa\u00e7on de brevet semble, \u00e0 premi\u00e8re vue, surprenante<\/strong>. L&rsquo;interpr\u00e9tation de l&rsquo;<a href=\"https:\/\/www.legifrance.gouv.fr\/codes\/article_lc\/LEGIARTI000028717051\"><strong>article L. 615-3 du CPI<\/strong> <\/a>discutable. S&rsquo;il est vrai que ce texte fait r\u00e9f\u00e9rence aux \u00ab\u00a0<em>droits conf\u00e9r\u00e9s par le titre<\/em>\u00ab\u00a0, il est \u00e9galement vrai que ce titre s&rsquo;entend, en principe, comme le brevet d\u00e9livr\u00e9. Ainsi, l&rsquo;<a href=\"https:\/\/www.legifrance.gouv.fr\/codes\/article_lc\/LEGIARTI000006279565\"><strong>article L. 615-4<\/strong><\/a> pr\u00e9voit express\u00e9ment que \u00ab\u00a0<em>le tribunal saisi d&rsquo;une action en contrefa\u00e7on fond\u00e9e sur une demande de brevet sursoit \u00e0 statuer jusqu&rsquo;\u00e0 la d\u00e9livrance du brevet<\/em>\u00ab\u00a0. L&rsquo;interpr\u00e9tation retenue pourrait \u00e9galement contredire l&rsquo;<a href=\"https:\/\/www.legifrance.gouv.fr\/codes\/article_lc\/LEGIARTI000006279529\"><strong>article L. 614-9<\/strong><\/a> du m\u00eame code, qui \u00e9num\u00e8re de mani\u00e8re exhaustive les droits d\u00e9coulant de la demande et ne mentionne pas ceux pr\u00e9vus par l&rsquo;article L. 615-3.<\/p>\n<p>Toutefois, \u00e0 y regarder de plus pr\u00e8s,<strong> la position adopt\u00e9e dans la d\u00e9cision comment\u00e9e pourrait \u00eatre conforme aux textes et logique, \u00e0 condition que le demandeur pr\u00e9sente des garanties suffisantes<\/strong>. En effet, le droit au brevet na\u00eet du d\u00e9p\u00f4t de la demande. Ainsi, dans le cas d&rsquo;une demande de brevet europ\u00e9en, l&rsquo;<a href=\"https:\/\/www.epo.org\/law-practice\/legal-texts\/html\/epc\/2020\/f\/ar67.html\"><strong>article 67(1) de la CBE<\/strong><\/a> dispose que \u00ab\u00a0<em>\u00e0 compter de sa publication, la demande de brevet europ\u00e9en conf\u00e8re provisoirement au demandeur, dans les Etats contractants d\u00e9sign\u00e9s dans la demande, la protection pr\u00e9vue \u00e0 l&rsquo;article 64<\/em>\u00ab\u00a0. L&rsquo;<a href=\"https:\/\/www.epo.org\/law-practice\/legal-texts\/html\/epc\/1973\/f\/ar64.html\"><strong>article 64<\/strong> <\/a>qui \u00e9nonce \u00ab\u00a0<em>les droits conf\u00e9r\u00e9s par le brevet<\/em>\u00ab\u00a0. \u00c0 la lumi\u00e8re de ces textes, les \u00ab\u00a0<em>droits conf\u00e9r\u00e9s par le titre<\/em>\u00ab\u00a0, vis\u00e9s \u00e0 l&rsquo;article L. 615-3 du CPI, devraient inclure autant le brevet que la demande publi\u00e9e. D&rsquo;autant plus que si l&rsquo;article L. 614-9 pr\u00e9voit un sursis \u00e0 statuer, ce n&rsquo;est que pour le cas particulier d&rsquo;une action en contrefa\u00e7on (et non pour des mesures provisoires), et surtout, il ne fait pas express\u00e9ment r\u00e9f\u00e9rence \u00e0 la demande \u00ab\u00a0<em>publi\u00e9e<\/em>\u00ab\u00a0, mais seulement \u00e0 \u00ab\u00a0<em>la demande<\/em>\u00ab\u00a0. Par ailleurs, aussi surprenant que cela puisse para\u00eetre, la solution retenue par la d\u00e9cision comment\u00e9e n&rsquo;est pas nouvelle, dans la mesure o\u00f9 elle avait d\u00e9j\u00e0 \u00e9t\u00e9 adopt\u00e9e par la jurisprudence fran\u00e7aise. Enfin, l&rsquo;action en interdiction provisoire tend \u00e0 s&rsquo;apparenter \u00e0 l&rsquo;action en contrefa\u00e7on, autant du point de vue de ses effets que des conditions de sa recevabilit\u00e9.<\/p>","protected":false},"excerpt":{"rendered":"<p>Dans une d\u00e9cision du 3 juin 2022, opposant NOVARTIS et BIOGARAN, le Tribunal Judiciaire de Paris a admis la recevabilit\u00e9 d&rsquo;une demande de mesures provisoires fond\u00e9e sur une demande de brevet europ\u00e9en. Cette solution, aussi surprenante qu&rsquo;elle puisse para\u00eetre \u00e0 premi\u00e8re vue, pourrait n\u00e9anmoins \u00eatre justifi\u00e9e. La d\u00e9cision comment\u00e9e est une ordonnance rendue dans une [&hellip;]<\/p>","protected":false},"author":5,"featured_media":7901,"comment_status":"closed","ping_status":"closed","sticky":false,"template":"","format":"standard","meta":{"_acf_changed":false,"footnotes":""},"categories":[16,18,28],"tags":[],"class_list":["post-7960","post","type-post","status-publish","format-standard","has-post-thumbnail","hentry","category-brevets","category-contentieux","category-pharmaceutique"],"acf":[],"yoast_head":"<!-- This site is optimized with the Yoast SEO plugin v25.6 - https:\/\/yoast.com\/wordpress\/plugins\/seo\/ -->\n<title>Une demande de brevet suffit pour des mesures provisoires - Dhenne Avocats<\/title>\n<meta name=\"description\" content=\"Lisez l&#039;article : Une demande de brevet suffit pour des mesures provisoires du blog Dhenne Avocats\" \/>\n<meta name=\"robots\" content=\"index, follow, max-snippet:-1, max-image-preview:large, max-video-preview:-1\" \/>\n<link rel=\"canonical\" href=\"https:\/\/www.dhenne-avocats.fr\/en\/blog-dhenne-avocats-17\/\" \/>\n<meta property=\"og:locale\" content=\"en_GB\" \/>\n<meta property=\"og:type\" content=\"article\" \/>\n<meta property=\"og:title\" content=\"Une demande de brevet suffit pour des mesures provisoires - Dhenne Avocats\" \/>\n<meta property=\"og:description\" content=\"Lisez l&#039;article : Une demande de brevet suffit pour des mesures provisoires du blog Dhenne Avocats\" \/>\n<meta property=\"og:url\" content=\"https:\/\/www.dhenne-avocats.fr\/en\/blog-dhenne-avocats-17\/\" \/>\n<meta property=\"og:site_name\" content=\"Dhenne Avocats\" \/>\n<meta property=\"article:published_time\" content=\"2022-11-02T10:03:29+00:00\" \/>\n<meta property=\"og:image\" content=\"https:\/\/www.dhenne-avocats.fr\/wp-content\/uploads\/2024\/03\/AdobeStock_389572475_Editorial_Use_Only-scaled-2.jpeg\" \/>\n\t<meta property=\"og:image:width\" content=\"2560\" \/>\n\t<meta property=\"og:image:height\" content=\"1707\" \/>\n\t<meta property=\"og:image:type\" content=\"image\/jpeg\" \/>\n<meta name=\"author\" content=\"eajvi7G6Zv5P9\" \/>\n<meta name=\"twitter:card\" content=\"summary_large_image\" \/>\n<meta name=\"twitter:label1\" content=\"Written by\" \/>\n\t<meta name=\"twitter:data1\" content=\"eajvi7G6Zv5P9\" \/>\n\t<meta name=\"twitter:label2\" content=\"Estimated reading time\" \/>\n\t<meta name=\"twitter:data2\" content=\"3 minutes\" \/>\n<script type=\"application\/ld+json\" class=\"yoast-schema-graph\">{\"@context\":\"https:\/\/schema.org\",\"@graph\":[{\"@type\":\"Article\",\"@id\":\"https:\/\/www.dhenne-avocats.fr\/blog-dhenne-avocats-17\/#article\",\"isPartOf\":{\"@id\":\"https:\/\/www.dhenne-avocats.fr\/blog-dhenne-avocats-17\/\"},\"author\":{\"name\":\"eajvi7G6Zv5P9\",\"@id\":\"https:\/\/www.dhenne-avocats.fr\/#\/schema\/person\/5a7426c68f341a547a6d8e49fe07cea7\"},\"headline\":\"Une demande de brevet suffit pour des mesures provisoires\",\"datePublished\":\"2022-11-02T10:03:29+00:00\",\"mainEntityOfPage\":{\"@id\":\"https:\/\/www.dhenne-avocats.fr\/blog-dhenne-avocats-17\/\"},\"wordCount\":636,\"publisher\":{\"@id\":\"https:\/\/www.dhenne-avocats.fr\/#organization\"},\"image\":{\"@id\":\"https:\/\/www.dhenne-avocats.fr\/blog-dhenne-avocats-17\/#primaryimage\"},\"thumbnailUrl\":\"https:\/\/www.dhenne-avocats.fr\/wp-content\/uploads\/2024\/03\/AdobeStock_389572475_Editorial_Use_Only-scaled-2.jpeg\",\"articleSection\":[\"Brevets\",\"Contentieux\",\"Pharmaceutique\"],\"inLanguage\":\"en-GB\"},{\"@type\":\"WebPage\",\"@id\":\"https:\/\/www.dhenne-avocats.fr\/blog-dhenne-avocats-17\/\",\"url\":\"https:\/\/www.dhenne-avocats.fr\/blog-dhenne-avocats-17\/\",\"name\":\"Une demande de brevet suffit pour des mesures provisoires - Dhenne Avocats\",\"isPartOf\":{\"@id\":\"https:\/\/www.dhenne-avocats.fr\/#website\"},\"primaryImageOfPage\":{\"@id\":\"https:\/\/www.dhenne-avocats.fr\/blog-dhenne-avocats-17\/#primaryimage\"},\"image\":{\"@id\":\"https:\/\/www.dhenne-avocats.fr\/blog-dhenne-avocats-17\/#primaryimage\"},\"thumbnailUrl\":\"https:\/\/www.dhenne-avocats.fr\/wp-content\/uploads\/2024\/03\/AdobeStock_389572475_Editorial_Use_Only-scaled-2.jpeg\",\"datePublished\":\"2022-11-02T10:03:29+00:00\",\"description\":\"Lisez l'article : Une demande de brevet suffit pour des mesures provisoires du blog Dhenne Avocats\",\"breadcrumb\":{\"@id\":\"https:\/\/www.dhenne-avocats.fr\/blog-dhenne-avocats-17\/#breadcrumb\"},\"inLanguage\":\"en-GB\",\"potentialAction\":[{\"@type\":\"ReadAction\",\"target\":[\"https:\/\/www.dhenne-avocats.fr\/blog-dhenne-avocats-17\/\"]}]},{\"@type\":\"ImageObject\",\"inLanguage\":\"en-GB\",\"@id\":\"https:\/\/www.dhenne-avocats.fr\/blog-dhenne-avocats-17\/#primaryimage\",\"url\":\"https:\/\/www.dhenne-avocats.fr\/wp-content\/uploads\/2024\/03\/AdobeStock_389572475_Editorial_Use_Only-scaled-2.jpeg\",\"contentUrl\":\"https:\/\/www.dhenne-avocats.fr\/wp-content\/uploads\/2024\/03\/AdobeStock_389572475_Editorial_Use_Only-scaled-2.jpeg\",\"width\":2560,\"height\":1707},{\"@type\":\"BreadcrumbList\",\"@id\":\"https:\/\/www.dhenne-avocats.fr\/blog-dhenne-avocats-17\/#breadcrumb\",\"itemListElement\":[{\"@type\":\"ListItem\",\"position\":1,\"name\":\"Accueil\",\"item\":\"https:\/\/www.dhenne-avocats.fr\/\"},{\"@type\":\"ListItem\",\"position\":2,\"name\":\"Une demande de brevet suffit pour des mesures provisoires\"}]},{\"@type\":\"WebSite\",\"@id\":\"https:\/\/www.dhenne-avocats.fr\/#website\",\"url\":\"https:\/\/www.dhenne-avocats.fr\/\",\"name\":\"Dhenne Avocats\",\"description\":\"Cabinet d&#039;avocats en droit des brevets\",\"publisher\":{\"@id\":\"https:\/\/www.dhenne-avocats.fr\/#organization\"},\"potentialAction\":[{\"@type\":\"SearchAction\",\"target\":{\"@type\":\"EntryPoint\",\"urlTemplate\":\"https:\/\/www.dhenne-avocats.fr\/?s={search_term_string}\"},\"query-input\":{\"@type\":\"PropertyValueSpecification\",\"valueRequired\":true,\"valueName\":\"search_term_string\"}}],\"inLanguage\":\"en-GB\"},{\"@type\":\"Organization\",\"@id\":\"https:\/\/www.dhenne-avocats.fr\/#organization\",\"name\":\"Dhenne Avocats\",\"alternateName\":\"dhenne avocats\",\"url\":\"https:\/\/www.dhenne-avocats.fr\/\",\"logo\":{\"@type\":\"ImageObject\",\"inLanguage\":\"en-GB\",\"@id\":\"https:\/\/www.dhenne-avocats.fr\/#\/schema\/logo\/image\/\",\"url\":\"https:\/\/www.dhenne-avocats.fr\/wp-content\/uploads\/2024\/03\/cropped-DhenneAvocats_Favicon_RVB_FullColor-1.png\",\"contentUrl\":\"https:\/\/www.dhenne-avocats.fr\/wp-content\/uploads\/2024\/03\/cropped-DhenneAvocats_Favicon_RVB_FullColor-1.png\",\"width\":512,\"height\":512,\"caption\":\"Dhenne Avocats\"},\"image\":{\"@id\":\"https:\/\/www.dhenne-avocats.fr\/#\/schema\/logo\/image\/\"}},{\"@type\":\"Person\",\"@id\":\"https:\/\/www.dhenne-avocats.fr\/#\/schema\/person\/5a7426c68f341a547a6d8e49fe07cea7\",\"name\":\"eajvi7G6Zv5P9\",\"image\":{\"@type\":\"ImageObject\",\"inLanguage\":\"en-GB\",\"@id\":\"https:\/\/www.dhenne-avocats.fr\/#\/schema\/person\/image\/\",\"url\":\"https:\/\/secure.gravatar.com\/avatar\/faaaaacf01055ee63a78e37c3014f990f3235015c2bdef148e716a6a8e39a842?s=96&d=mm&r=g\",\"contentUrl\":\"https:\/\/secure.gravatar.com\/avatar\/faaaaacf01055ee63a78e37c3014f990f3235015c2bdef148e716a6a8e39a842?s=96&d=mm&r=g\",\"caption\":\"eajvi7G6Zv5P9\"},\"sameAs\":[\"https:\/\/www.dhenne-avocats.fr\"]}]}<\/script>\n<!-- \/ Yoast SEO plugin. -->","yoast_head_json":{"title":"Une demande de brevet suffit pour des mesures provisoires - Dhenne Avocats","description":"Lisez l'article : Une demande de brevet suffit pour des mesures provisoires du blog Dhenne Avocats","robots":{"index":"index","follow":"follow","max-snippet":"max-snippet:-1","max-image-preview":"max-image-preview:large","max-video-preview":"max-video-preview:-1"},"canonical":"https:\/\/www.dhenne-avocats.fr\/en\/blog-dhenne-avocats-17\/","og_locale":"en_GB","og_type":"article","og_title":"Une demande de brevet suffit pour des mesures provisoires - Dhenne Avocats","og_description":"Lisez l'article : Une demande de brevet suffit pour des mesures provisoires du blog Dhenne Avocats","og_url":"https:\/\/www.dhenne-avocats.fr\/en\/blog-dhenne-avocats-17\/","og_site_name":"Dhenne Avocats","article_published_time":"2022-11-02T10:03:29+00:00","og_image":[{"width":2560,"height":1707,"url":"https:\/\/www.dhenne-avocats.fr\/wp-content\/uploads\/2024\/03\/AdobeStock_389572475_Editorial_Use_Only-scaled-2.jpeg","type":"image\/jpeg"}],"author":"eajvi7G6Zv5P9","twitter_card":"summary_large_image","twitter_misc":{"Written by":"eajvi7G6Zv5P9","Estimated reading time":"3 minutes"},"schema":{"@context":"https:\/\/schema.org","@graph":[{"@type":"Article","@id":"https:\/\/www.dhenne-avocats.fr\/blog-dhenne-avocats-17\/#article","isPartOf":{"@id":"https:\/\/www.dhenne-avocats.fr\/blog-dhenne-avocats-17\/"},"author":{"name":"eajvi7G6Zv5P9","@id":"https:\/\/www.dhenne-avocats.fr\/#\/schema\/person\/5a7426c68f341a547a6d8e49fe07cea7"},"headline":"Une demande de brevet suffit pour des mesures provisoires","datePublished":"2022-11-02T10:03:29+00:00","mainEntityOfPage":{"@id":"https:\/\/www.dhenne-avocats.fr\/blog-dhenne-avocats-17\/"},"wordCount":636,"publisher":{"@id":"https:\/\/www.dhenne-avocats.fr\/#organization"},"image":{"@id":"https:\/\/www.dhenne-avocats.fr\/blog-dhenne-avocats-17\/#primaryimage"},"thumbnailUrl":"https:\/\/www.dhenne-avocats.fr\/wp-content\/uploads\/2024\/03\/AdobeStock_389572475_Editorial_Use_Only-scaled-2.jpeg","articleSection":["Brevets","Contentieux","Pharmaceutique"],"inLanguage":"en-GB"},{"@type":"WebPage","@id":"https:\/\/www.dhenne-avocats.fr\/blog-dhenne-avocats-17\/","url":"https:\/\/www.dhenne-avocats.fr\/blog-dhenne-avocats-17\/","name":"Une demande de brevet suffit pour des mesures provisoires - Dhenne Avocats","isPartOf":{"@id":"https:\/\/www.dhenne-avocats.fr\/#website"},"primaryImageOfPage":{"@id":"https:\/\/www.dhenne-avocats.fr\/blog-dhenne-avocats-17\/#primaryimage"},"image":{"@id":"https:\/\/www.dhenne-avocats.fr\/blog-dhenne-avocats-17\/#primaryimage"},"thumbnailUrl":"https:\/\/www.dhenne-avocats.fr\/wp-content\/uploads\/2024\/03\/AdobeStock_389572475_Editorial_Use_Only-scaled-2.jpeg","datePublished":"2022-11-02T10:03:29+00:00","description":"Lisez l'article : Une demande de brevet suffit pour des mesures provisoires du blog Dhenne Avocats","breadcrumb":{"@id":"https:\/\/www.dhenne-avocats.fr\/blog-dhenne-avocats-17\/#breadcrumb"},"inLanguage":"en-GB","potentialAction":[{"@type":"ReadAction","target":["https:\/\/www.dhenne-avocats.fr\/blog-dhenne-avocats-17\/"]}]},{"@type":"ImageObject","inLanguage":"en-GB","@id":"https:\/\/www.dhenne-avocats.fr\/blog-dhenne-avocats-17\/#primaryimage","url":"https:\/\/www.dhenne-avocats.fr\/wp-content\/uploads\/2024\/03\/AdobeStock_389572475_Editorial_Use_Only-scaled-2.jpeg","contentUrl":"https:\/\/www.dhenne-avocats.fr\/wp-content\/uploads\/2024\/03\/AdobeStock_389572475_Editorial_Use_Only-scaled-2.jpeg","width":2560,"height":1707},{"@type":"BreadcrumbList","@id":"https:\/\/www.dhenne-avocats.fr\/blog-dhenne-avocats-17\/#breadcrumb","itemListElement":[{"@type":"ListItem","position":1,"name":"Accueil","item":"https:\/\/www.dhenne-avocats.fr\/"},{"@type":"ListItem","position":2,"name":"Une demande de brevet suffit pour des mesures provisoires"}]},{"@type":"WebSite","@id":"https:\/\/www.dhenne-avocats.fr\/#website","url":"https:\/\/www.dhenne-avocats.fr\/","name":"Dhenne Avocats","description":"Cabinet d&#039;avocats en droit des brevets","publisher":{"@id":"https:\/\/www.dhenne-avocats.fr\/#organization"},"potentialAction":[{"@type":"SearchAction","target":{"@type":"EntryPoint","urlTemplate":"https:\/\/www.dhenne-avocats.fr\/?s={search_term_string}"},"query-input":{"@type":"PropertyValueSpecification","valueRequired":true,"valueName":"search_term_string"}}],"inLanguage":"en-GB"},{"@type":"Organization","@id":"https:\/\/www.dhenne-avocats.fr\/#organization","name":"Dhenne Avocats","alternateName":"dhenne avocats","url":"https:\/\/www.dhenne-avocats.fr\/","logo":{"@type":"ImageObject","inLanguage":"en-GB","@id":"https:\/\/www.dhenne-avocats.fr\/#\/schema\/logo\/image\/","url":"https:\/\/www.dhenne-avocats.fr\/wp-content\/uploads\/2024\/03\/cropped-DhenneAvocats_Favicon_RVB_FullColor-1.png","contentUrl":"https:\/\/www.dhenne-avocats.fr\/wp-content\/uploads\/2024\/03\/cropped-DhenneAvocats_Favicon_RVB_FullColor-1.png","width":512,"height":512,"caption":"Dhenne Avocats"},"image":{"@id":"https:\/\/www.dhenne-avocats.fr\/#\/schema\/logo\/image\/"}},{"@type":"Person","@id":"https:\/\/www.dhenne-avocats.fr\/#\/schema\/person\/5a7426c68f341a547a6d8e49fe07cea7","name":"eajvi7G6Zv5P9","image":{"@type":"ImageObject","inLanguage":"en-GB","@id":"https:\/\/www.dhenne-avocats.fr\/#\/schema\/person\/image\/","url":"https:\/\/secure.gravatar.com\/avatar\/faaaaacf01055ee63a78e37c3014f990f3235015c2bdef148e716a6a8e39a842?s=96&d=mm&r=g","contentUrl":"https:\/\/secure.gravatar.com\/avatar\/faaaaacf01055ee63a78e37c3014f990f3235015c2bdef148e716a6a8e39a842?s=96&d=mm&r=g","caption":"eajvi7G6Zv5P9"},"sameAs":["https:\/\/www.dhenne-avocats.fr"]}]}},"_links":{"self":[{"href":"https:\/\/www.dhenne-avocats.fr\/en\/wp-json\/wp\/v2\/posts\/7960","targetHints":{"allow":["GET"]}}],"collection":[{"href":"https:\/\/www.dhenne-avocats.fr\/en\/wp-json\/wp\/v2\/posts"}],"about":[{"href":"https:\/\/www.dhenne-avocats.fr\/en\/wp-json\/wp\/v2\/types\/post"}],"author":[{"embeddable":true,"href":"https:\/\/www.dhenne-avocats.fr\/en\/wp-json\/wp\/v2\/users\/5"}],"replies":[{"embeddable":true,"href":"https:\/\/www.dhenne-avocats.fr\/en\/wp-json\/wp\/v2\/comments?post=7960"}],"version-history":[{"count":0,"href":"https:\/\/www.dhenne-avocats.fr\/en\/wp-json\/wp\/v2\/posts\/7960\/revisions"}],"wp:featuredmedia":[{"embeddable":true,"href":"https:\/\/www.dhenne-avocats.fr\/en\/wp-json\/wp\/v2\/media\/7901"}],"wp:attachment":[{"href":"https:\/\/www.dhenne-avocats.fr\/en\/wp-json\/wp\/v2\/media?parent=7960"}],"wp:term":[{"taxonomy":"category","embeddable":true,"href":"https:\/\/www.dhenne-avocats.fr\/en\/wp-json\/wp\/v2\/categories?post=7960"},{"taxonomy":"post_tag","embeddable":true,"href":"https:\/\/www.dhenne-avocats.fr\/en\/wp-json\/wp\/v2\/tags?post=7960"}],"curies":[{"name":"wp","href":"https:\/\/api.w.org\/{rel}","templated":true}]}}