{"id":7958,"date":"2022-07-08T08:37:38","date_gmt":"2022-07-08T08:37:38","guid":{"rendered":"https:\/\/www.dhenne-avocat.sea-dev-and-sun.fr\/2022\/07\/08\/blog-dhenne-avocats-7\/"},"modified":"2024-07-23T09:18:36","modified_gmt":"2024-07-23T09:18:36","slug":"french-upc","status":"publish","type":"post","link":"https:\/\/www.dhenne-avocats.fr\/en\/french-upc\/","title":{"rendered":"French Judge Competent for Infringement Abroad: Private International Law vs. UPC?"},"content":{"rendered":"<p class=\"translation-block\">In a decision dated June 29, 2022, the Cour de cassation (French Supreme Court) overturned the decision of the Paris Court of Appeal (Paris, November 24, 2020) which refused to assess acts of infringement committed abroad. The decision of the Supreme Court, which merely applies classical rules of private international law, leads one to wonder about the appropriateness of actions before the future UPC.<\/p>\n<p>Nous avions d\u00e9j\u00e0 mentionn\u00e9 (et critiqu\u00e9) les d\u00e9cisions qui avaient \u00e9t\u00e9 rendues pr\u00e9c\u00e9demment dans cette affaire sur le <a href=\"http:\/\/patentblog.kluweriplaw.com\/2020\/12\/31\/one-wheel-after-another-or-the-forum-shopping-french-style\/\">Kluwer Patent Blog<\/a>. La Cour de cassation a adopt\u00e9 la m\u00eame critique en cassant en tous points la d\u00e9cision d&rsquo;appel.<\/p>\n<p>Pour rappel, la soci\u00e9t\u00e9 fran\u00e7aise Hutchinson a assign\u00e9 la soci\u00e9t\u00e9 anglaise Tyron Runflat (Tyron) et son fournisseur sud-africain, Global Wheel, ainsi que les soci\u00e9t\u00e9s fran\u00e7aises Dal et L.A. VI, qui revendent leurs produits, en invoquant la contrefa\u00e7on de son brevet europ\u00e9en en France, en Grande-Bretagne et en Allemagne.<\/p>\n<p>Dans cette affaire, le TJ de Paris, confirm\u00e9 par la Cour d&rsquo;appel, <strong>a refus\u00e9 d&rsquo;appr\u00e9cier les actes de contrefa\u00e7on, consid\u00e9rant que si les <a href=\"https:\/\/www.dhenne-avocats.fr\/en\/lexique-propriete-industrielle\/patent\/\">patent law<\/a> en cause \u00e9taient les m\u00eames, les actes de contrefa\u00e7on commis n&rsquo;\u00e9taient pas les m\u00eames<\/strong>. Ainsi, cette divergence des situations de fait pouvait conduire \u00e0 des d\u00e9cisions inconciliables entre les diff\u00e9rentes juridictions, de sorte que le juge fran\u00e7ais n&rsquo;\u00e9tait comp\u00e9tent que pour la France.<\/p>\n<p>A l&rsquo;inverse, la Cour supr\u00eame rappelle que la Cour de justice de l&rsquo;Union europ\u00e9enne (CJUE, 12 juillet 2012, aff. C-616\/10) avait jug\u00e9, au sujet de l&rsquo;article 6, paragraphe 1, du r\u00e8glement (CE) n\u00b0 44\/2001 du Conseil, du 22 d\u00e9cembre 2000, concernant la comp\u00e9tence judiciaire, la reconnaissance et l&rsquo;ex\u00e9cution des d\u00e9cisions en mati\u00e8re civile et commerciale, qui est r\u00e9dig\u00e9 dans des termes identiques \u00e0 ceux de l&rsquo;article 8, paragraphe 1, pr\u00e9cit\u00e9, que ce texte \u00ab\u00a0<em>doit \u00eatre interpr\u00e9t\u00e9 en ce sens que doit \u00eatre consid\u00e9r\u00e9e comme une situation dans laquelle deux ou plusieurs soci\u00e9t\u00e9s \u00e9tablies dans des \u00c9tats membres diff\u00e9rents sont accus\u00e9es, chacune s\u00e9par\u00e9ment, dans le cadre d&rsquo;une proc\u00e9dure pendante devant une juridiction de l&rsquo;un de ces \u00c9tats membres, de contrefa\u00e7on de la m\u00eame partie nationale d&rsquo;un brevet europ\u00e9en, telle qu&rsquo;en vigueur dans un autre \u00c9tat membre, en raison d&rsquo;actes r\u00e9serv\u00e9s portant sur le m\u00eame produit, est susceptible de conduire \u00e0 des solutions inconciliables si les affaires \u00e9taient jug\u00e9es s\u00e9par\u00e9ment, au sens de cette disposition. Il appartient \u00e0 la juridiction nationale d&rsquo;appr\u00e9cier l&rsquo;existence d&rsquo;un tel risque, en tenant compte de l&rsquo;ensemble des \u00e9l\u00e9ments pertinents du dossier.<\/em>\u00a0\u00bb<\/p>\n<p>D\u00e8s lors, selon la Cour supr\u00eame, en statuant ainsi, alors que la soci\u00e9t\u00e9 Hutchinson invoquait les atteintes port\u00e9es par les soci\u00e9t\u00e9s fran\u00e7aises et la soci\u00e9t\u00e9 Tyron, en France, en Allemagne et en Grande-Bretagne, <strong>aux m\u00eames parties nationales de son <a href=\"https:\/\/www.dhenne-avocats.fr\/en\/lexique-propriete-industrielle\/european-patent\/\">brevet europ\u00e9en<\/a>, concernant le m\u00eame produit, la cour d&rsquo;appel, \u00e0 qui il appartenait de rechercher si le fait de juger s\u00e9par\u00e9ment les actions en contrefa\u00e7on ne risquait pas de conduire \u00e0 des solutions inconciliables, a viol\u00e9 le texte pr\u00e9cit\u00e9<\/strong>.<\/p>\n<p>Par ailleurs, s&rsquo;agissant de la soci\u00e9t\u00e9 sud-africaine, la Cour rappelle que selon l&rsquo;article 14 du Code civil, un demandeur fran\u00e7ais, d\u00e8s lors qu&rsquo;aucun crit\u00e8re ordinaire de comp\u00e9tence n&rsquo;est rempli en France, peut valablement saisir le tribunal fran\u00e7ais qu&rsquo;il choisit en raison d&rsquo;un lien de l&rsquo;instance avec le territoire fran\u00e7ais, ou, \u00e0 d\u00e9faut, selon les exigences d&rsquo;une bonne administration de la justice.\u00a0Toutefois, pour d\u00e9clarer que le juge fran\u00e7ais n&rsquo;est pas comp\u00e9tent pour conna\u00eetre des actes de contrefa\u00e7on commis hors du territoire fran\u00e7ais par la soci\u00e9t\u00e9 Global Wheel, domicili\u00e9e en Afrique du Sud, l&rsquo;arr\u00eat de la cour d&rsquo;appel retient que la soci\u00e9t\u00e9 Hutchinson ne d\u00e9montre pas la pertinence du rattachement \u00e0 la pr\u00e9sente proc\u00e9dure, alors que le juge fran\u00e7ais n&rsquo;est pas comp\u00e9tent pour les faits pr\u00e9tendument commis \u00e0 l&rsquo;\u00e9tranger par la soci\u00e9t\u00e9 Tyron dont la soci\u00e9t\u00e9 Global Wheel \u00e9tait le fournisseur et que les juridictions anglaises et allemandes sont comp\u00e9tentes pour juger les pr\u00e9tendus actes de contrefa\u00e7on de la partie nationale du brevet litigieux commis sur leurs territoires respectifs. En statuant ainsi, la cour d&rsquo;appel a viol\u00e9 le texte susvis\u00e9 par des motifs qui ne suffisent pas \u00e0 \u00e9carter la comp\u00e9tence des juridictions fran\u00e7aises fond\u00e9e sur la nationalit\u00e9 fran\u00e7aise de la soci\u00e9t\u00e9 Hutchinson.<\/p>\n<p>Enfin, la d\u00e9cision de la Cour de cassation ne fait que rappeler des principes juridiques internationaux, qui nous ont toujours paru aller de soi. Plus g\u00e9n\u00e9ralement, <strong>une jurisprudence similaire existe aux Pays-Bas et en Allemagne, de sorte que l&rsquo;on peut se demander : quelle sera l&rsquo;utilit\u00e9 de la JUB dans ce contexte ?<\/strong><\/p>\n<p>D&rsquo;autant plus qu&rsquo;entamer une proc\u00e9dure en France, en utilisant des parties de brevets europ\u00e9ens pour \u00e9valuer la contrefa\u00e7on ailleurs en Europe, sera toujours moins cher qu&rsquo;un<a href=\"https:\/\/www.dhenne-avocats.fr\/en\/lexique-propriete-industrielle\/unitary-patent\/\"><strong> brevet unitaire<\/strong><\/a>, qui plus est <strong>bas\u00e9 sur une juridiction dont les fondations restent pour le moins fragiles<\/strong>.<\/p>\n<p>Sans compter qu&rsquo;au-del\u00e0 du prix du brevet d&rsquo;une proc\u00e9dure JUB, il faudra aussi compter sur des risques : la remise en cause syst\u00e9matique des d\u00e9fauts institutionnels (conventionnels) du syst\u00e8me en lui-m\u00eame.<\/p>\n<p>En r\u00e9sum\u00e9, <strong>avec sa jurisprudence du 29 juin 2022, la Cour de cassation nous rappelle les r\u00e8gles classiques du droit international priv\u00e9, mais nous am\u00e8ne \u00e9galement \u00e0 r\u00e9fl\u00e9chir \u00e0 deux fois aux recommandations qui devraient \u00eatre faites aux entreprises \u00e0 l&rsquo;avenir lorsqu&rsquo;elles d\u00e9cident d&rsquo;engager une action d&rsquo;envergure europ\u00e9enne (JUB ou pas JUB ?)<\/strong>.<\/p>","protected":false},"excerpt":{"rendered":"<p>Dans un arr\u00eat du 29 juin 2022, la Cour de cassation a cass\u00e9 l&rsquo;arr\u00eat de la Cour d&rsquo;appel de Paris (Paris, 24 novembre 2020) qui refusait d&rsquo;appr\u00e9cier les actes de contrefa\u00e7on commis \u00e0 l&rsquo;\u00e9tranger. La d\u00e9cision de la Cour de cassation, qui ne fait qu&rsquo;appliquer les r\u00e8gles classiques du droit international priv\u00e9, conduit \u00e0 s&rsquo;interroger [&hellip;]<\/p>","protected":false},"author":5,"featured_media":7959,"comment_status":"closed","ping_status":"closed","sticky":false,"template":"","format":"standard","meta":{"_acf_changed":false,"footnotes":""},"categories":[16,18,24,7],"tags":[],"class_list":["post-7958","post","type-post","status-publish","format-standard","has-post-thumbnail","hentry","category-brevets","category-contentieux","category-forum-shopping","category-jub"],"acf":[],"yoast_head":"<!-- This site is optimized with the Yoast SEO plugin v25.6 - https:\/\/yoast.com\/wordpress\/plugins\/seo\/ -->\n<title>Juge fran\u00e7ais comp\u00e9tent pour la contrefa\u00e7on \u00e0 l&#039;\u00e9tranger : Droit international priv\u00e9 ou JUB ? - Dhenne Avocats<\/title>\n<meta name=\"description\" content=\"Lisez l&#039;article : Juge fran\u00e7ais comp\u00e9tent pour la contrefa\u00e7on \u00e0 l&#039;\u00e9tranger : Droit international priv\u00e9 ou JUB ? du blog Dhenne Avocats\" \/>\n<meta name=\"robots\" content=\"index, follow, max-snippet:-1, max-image-preview:large, max-video-preview:-1\" \/>\n<link rel=\"canonical\" href=\"https:\/\/www.dhenne-avocats.fr\/en\/french-upc\/\" \/>\n<meta property=\"og:locale\" content=\"en_GB\" \/>\n<meta property=\"og:type\" content=\"article\" \/>\n<meta property=\"og:title\" content=\"Juge fran\u00e7ais comp\u00e9tent pour la contrefa\u00e7on \u00e0 l&#039;\u00e9tranger : Droit international priv\u00e9 ou JUB ? - Dhenne Avocats\" \/>\n<meta property=\"og:description\" content=\"Lisez l&#039;article : Juge fran\u00e7ais comp\u00e9tent pour la contrefa\u00e7on \u00e0 l&#039;\u00e9tranger : Droit international priv\u00e9 ou JUB ? du blog Dhenne Avocats\" \/>\n<meta property=\"og:url\" content=\"https:\/\/www.dhenne-avocats.fr\/en\/french-upc\/\" \/>\n<meta property=\"og:site_name\" content=\"Dhenne Avocats\" \/>\n<meta property=\"article:published_time\" content=\"2022-07-08T08:37:38+00:00\" \/>\n<meta property=\"article:modified_time\" content=\"2024-07-23T09:18:36+00:00\" \/>\n<meta property=\"og:image\" content=\"https:\/\/www.dhenne-avocats.fr\/wp-content\/uploads\/2024\/03\/AdobeStock_194906725-1-scaled.jpeg\" \/>\n\t<meta property=\"og:image:width\" content=\"2560\" \/>\n\t<meta property=\"og:image:height\" content=\"948\" \/>\n\t<meta property=\"og:image:type\" content=\"image\/jpeg\" \/>\n<meta name=\"author\" content=\"eajvi7G6Zv5P9\" \/>\n<meta name=\"twitter:card\" content=\"summary_large_image\" \/>\n<meta name=\"twitter:label1\" content=\"Written by\" \/>\n\t<meta name=\"twitter:data1\" content=\"eajvi7G6Zv5P9\" \/>\n\t<meta name=\"twitter:label2\" content=\"Estimated reading time\" \/>\n\t<meta name=\"twitter:data2\" content=\"5 minutes\" \/>\n<script type=\"application\/ld+json\" class=\"yoast-schema-graph\">{\"@context\":\"https:\/\/schema.org\",\"@graph\":[{\"@type\":\"Article\",\"@id\":\"https:\/\/www.dhenne-avocats.fr\/blog-dhenne-avocats-7\/#article\",\"isPartOf\":{\"@id\":\"https:\/\/www.dhenne-avocats.fr\/blog-dhenne-avocats-7\/\"},\"author\":{\"name\":\"eajvi7G6Zv5P9\",\"@id\":\"https:\/\/www.dhenne-avocats.fr\/#\/schema\/person\/5a7426c68f341a547a6d8e49fe07cea7\"},\"headline\":\"Juge fran\u00e7ais comp\u00e9tent pour la contrefa\u00e7on \u00e0 l&rsquo;\u00e9tranger : Droit international priv\u00e9 ou JUB ?\",\"datePublished\":\"2022-07-08T08:37:38+00:00\",\"dateModified\":\"2024-07-23T09:18:36+00:00\",\"mainEntityOfPage\":{\"@id\":\"https:\/\/www.dhenne-avocats.fr\/blog-dhenne-avocats-7\/\"},\"wordCount\":1022,\"publisher\":{\"@id\":\"https:\/\/www.dhenne-avocats.fr\/#organization\"},\"image\":{\"@id\":\"https:\/\/www.dhenne-avocats.fr\/blog-dhenne-avocats-7\/#primaryimage\"},\"thumbnailUrl\":\"https:\/\/www.dhenne-avocats.fr\/wp-content\/uploads\/2024\/03\/AdobeStock_194906725-1-scaled.jpeg\",\"articleSection\":[\"Brevets\",\"Contentieux\",\"Forum shopping\",\"JUB\"],\"inLanguage\":\"en-GB\"},{\"@type\":\"WebPage\",\"@id\":\"https:\/\/www.dhenne-avocats.fr\/blog-dhenne-avocats-7\/\",\"url\":\"https:\/\/www.dhenne-avocats.fr\/blog-dhenne-avocats-7\/\",\"name\":\"Juge fran\u00e7ais comp\u00e9tent pour la contrefa\u00e7on \u00e0 l'\u00e9tranger : Droit international priv\u00e9 ou JUB ? - Dhenne Avocats\",\"isPartOf\":{\"@id\":\"https:\/\/www.dhenne-avocats.fr\/#website\"},\"primaryImageOfPage\":{\"@id\":\"https:\/\/www.dhenne-avocats.fr\/blog-dhenne-avocats-7\/#primaryimage\"},\"image\":{\"@id\":\"https:\/\/www.dhenne-avocats.fr\/blog-dhenne-avocats-7\/#primaryimage\"},\"thumbnailUrl\":\"https:\/\/www.dhenne-avocats.fr\/wp-content\/uploads\/2024\/03\/AdobeStock_194906725-1-scaled.jpeg\",\"datePublished\":\"2022-07-08T08:37:38+00:00\",\"dateModified\":\"2024-07-23T09:18:36+00:00\",\"description\":\"Lisez l'article : Juge fran\u00e7ais comp\u00e9tent pour la contrefa\u00e7on \u00e0 l'\u00e9tranger : Droit international priv\u00e9 ou JUB ? du blog Dhenne Avocats\",\"breadcrumb\":{\"@id\":\"https:\/\/www.dhenne-avocats.fr\/blog-dhenne-avocats-7\/#breadcrumb\"},\"inLanguage\":\"en-GB\",\"potentialAction\":[{\"@type\":\"ReadAction\",\"target\":[\"https:\/\/www.dhenne-avocats.fr\/blog-dhenne-avocats-7\/\"]}]},{\"@type\":\"ImageObject\",\"inLanguage\":\"en-GB\",\"@id\":\"https:\/\/www.dhenne-avocats.fr\/blog-dhenne-avocats-7\/#primaryimage\",\"url\":\"https:\/\/www.dhenne-avocats.fr\/wp-content\/uploads\/2024\/03\/AdobeStock_194906725-1-scaled.jpeg\",\"contentUrl\":\"https:\/\/www.dhenne-avocats.fr\/wp-content\/uploads\/2024\/03\/AdobeStock_194906725-1-scaled.jpeg\",\"width\":2560,\"height\":948},{\"@type\":\"BreadcrumbList\",\"@id\":\"https:\/\/www.dhenne-avocats.fr\/blog-dhenne-avocats-7\/#breadcrumb\",\"itemListElement\":[{\"@type\":\"ListItem\",\"position\":1,\"name\":\"Accueil\",\"item\":\"https:\/\/www.dhenne-avocats.fr\/\"},{\"@type\":\"ListItem\",\"position\":2,\"name\":\"Juge fran\u00e7ais comp\u00e9tent pour la contrefa\u00e7on \u00e0 l&rsquo;\u00e9tranger : Droit international priv\u00e9 ou JUB ?\"}]},{\"@type\":\"WebSite\",\"@id\":\"https:\/\/www.dhenne-avocats.fr\/#website\",\"url\":\"https:\/\/www.dhenne-avocats.fr\/\",\"name\":\"Dhenne Avocats\",\"description\":\"Cabinet d&#039;avocats en droit des brevets\",\"publisher\":{\"@id\":\"https:\/\/www.dhenne-avocats.fr\/#organization\"},\"potentialAction\":[{\"@type\":\"SearchAction\",\"target\":{\"@type\":\"EntryPoint\",\"urlTemplate\":\"https:\/\/www.dhenne-avocats.fr\/?s={search_term_string}\"},\"query-input\":{\"@type\":\"PropertyValueSpecification\",\"valueRequired\":true,\"valueName\":\"search_term_string\"}}],\"inLanguage\":\"en-GB\"},{\"@type\":\"Organization\",\"@id\":\"https:\/\/www.dhenne-avocats.fr\/#organization\",\"name\":\"Dhenne Avocats\",\"alternateName\":\"dhenne avocats\",\"url\":\"https:\/\/www.dhenne-avocats.fr\/\",\"logo\":{\"@type\":\"ImageObject\",\"inLanguage\":\"en-GB\",\"@id\":\"https:\/\/www.dhenne-avocats.fr\/#\/schema\/logo\/image\/\",\"url\":\"https:\/\/www.dhenne-avocats.fr\/wp-content\/uploads\/2024\/03\/cropped-DhenneAvocats_Favicon_RVB_FullColor-1.png\",\"contentUrl\":\"https:\/\/www.dhenne-avocats.fr\/wp-content\/uploads\/2024\/03\/cropped-DhenneAvocats_Favicon_RVB_FullColor-1.png\",\"width\":512,\"height\":512,\"caption\":\"Dhenne Avocats\"},\"image\":{\"@id\":\"https:\/\/www.dhenne-avocats.fr\/#\/schema\/logo\/image\/\"}},{\"@type\":\"Person\",\"@id\":\"https:\/\/www.dhenne-avocats.fr\/#\/schema\/person\/5a7426c68f341a547a6d8e49fe07cea7\",\"name\":\"eajvi7G6Zv5P9\",\"image\":{\"@type\":\"ImageObject\",\"inLanguage\":\"en-GB\",\"@id\":\"https:\/\/www.dhenne-avocats.fr\/#\/schema\/person\/image\/\",\"url\":\"https:\/\/secure.gravatar.com\/avatar\/faaaaacf01055ee63a78e37c3014f990f3235015c2bdef148e716a6a8e39a842?s=96&d=mm&r=g\",\"contentUrl\":\"https:\/\/secure.gravatar.com\/avatar\/faaaaacf01055ee63a78e37c3014f990f3235015c2bdef148e716a6a8e39a842?s=96&d=mm&r=g\",\"caption\":\"eajvi7G6Zv5P9\"},\"sameAs\":[\"https:\/\/www.dhenne-avocats.fr\"]}]}<\/script>\n<!-- \/ Yoast SEO plugin. -->","yoast_head_json":{"title":"Juge fran\u00e7ais comp\u00e9tent pour la contrefa\u00e7on \u00e0 l'\u00e9tranger : Droit international priv\u00e9 ou JUB ? - Dhenne Avocats","description":"Lisez l'article : Juge fran\u00e7ais comp\u00e9tent pour la contrefa\u00e7on \u00e0 l'\u00e9tranger : Droit international priv\u00e9 ou JUB ? du blog Dhenne Avocats","robots":{"index":"index","follow":"follow","max-snippet":"max-snippet:-1","max-image-preview":"max-image-preview:large","max-video-preview":"max-video-preview:-1"},"canonical":"https:\/\/www.dhenne-avocats.fr\/en\/french-upc\/","og_locale":"en_GB","og_type":"article","og_title":"Juge fran\u00e7ais comp\u00e9tent pour la contrefa\u00e7on \u00e0 l'\u00e9tranger : Droit international priv\u00e9 ou JUB ? - Dhenne Avocats","og_description":"Lisez l'article : Juge fran\u00e7ais comp\u00e9tent pour la contrefa\u00e7on \u00e0 l'\u00e9tranger : Droit international priv\u00e9 ou JUB ? du blog Dhenne Avocats","og_url":"https:\/\/www.dhenne-avocats.fr\/en\/french-upc\/","og_site_name":"Dhenne Avocats","article_published_time":"2022-07-08T08:37:38+00:00","article_modified_time":"2024-07-23T09:18:36+00:00","og_image":[{"width":2560,"height":948,"url":"https:\/\/www.dhenne-avocats.fr\/wp-content\/uploads\/2024\/03\/AdobeStock_194906725-1-scaled.jpeg","type":"image\/jpeg"}],"author":"eajvi7G6Zv5P9","twitter_card":"summary_large_image","twitter_misc":{"Written by":"eajvi7G6Zv5P9","Estimated reading time":"5 minutes"},"schema":{"@context":"https:\/\/schema.org","@graph":[{"@type":"Article","@id":"https:\/\/www.dhenne-avocats.fr\/blog-dhenne-avocats-7\/#article","isPartOf":{"@id":"https:\/\/www.dhenne-avocats.fr\/blog-dhenne-avocats-7\/"},"author":{"name":"eajvi7G6Zv5P9","@id":"https:\/\/www.dhenne-avocats.fr\/#\/schema\/person\/5a7426c68f341a547a6d8e49fe07cea7"},"headline":"Juge fran\u00e7ais comp\u00e9tent pour la contrefa\u00e7on \u00e0 l&rsquo;\u00e9tranger : Droit international priv\u00e9 ou JUB ?","datePublished":"2022-07-08T08:37:38+00:00","dateModified":"2024-07-23T09:18:36+00:00","mainEntityOfPage":{"@id":"https:\/\/www.dhenne-avocats.fr\/blog-dhenne-avocats-7\/"},"wordCount":1022,"publisher":{"@id":"https:\/\/www.dhenne-avocats.fr\/#organization"},"image":{"@id":"https:\/\/www.dhenne-avocats.fr\/blog-dhenne-avocats-7\/#primaryimage"},"thumbnailUrl":"https:\/\/www.dhenne-avocats.fr\/wp-content\/uploads\/2024\/03\/AdobeStock_194906725-1-scaled.jpeg","articleSection":["Brevets","Contentieux","Forum shopping","JUB"],"inLanguage":"en-GB"},{"@type":"WebPage","@id":"https:\/\/www.dhenne-avocats.fr\/blog-dhenne-avocats-7\/","url":"https:\/\/www.dhenne-avocats.fr\/blog-dhenne-avocats-7\/","name":"Juge fran\u00e7ais comp\u00e9tent pour la contrefa\u00e7on \u00e0 l'\u00e9tranger : Droit international priv\u00e9 ou JUB ? - Dhenne Avocats","isPartOf":{"@id":"https:\/\/www.dhenne-avocats.fr\/#website"},"primaryImageOfPage":{"@id":"https:\/\/www.dhenne-avocats.fr\/blog-dhenne-avocats-7\/#primaryimage"},"image":{"@id":"https:\/\/www.dhenne-avocats.fr\/blog-dhenne-avocats-7\/#primaryimage"},"thumbnailUrl":"https:\/\/www.dhenne-avocats.fr\/wp-content\/uploads\/2024\/03\/AdobeStock_194906725-1-scaled.jpeg","datePublished":"2022-07-08T08:37:38+00:00","dateModified":"2024-07-23T09:18:36+00:00","description":"Lisez l'article : Juge fran\u00e7ais comp\u00e9tent pour la contrefa\u00e7on \u00e0 l'\u00e9tranger : Droit international priv\u00e9 ou JUB ? du blog Dhenne Avocats","breadcrumb":{"@id":"https:\/\/www.dhenne-avocats.fr\/blog-dhenne-avocats-7\/#breadcrumb"},"inLanguage":"en-GB","potentialAction":[{"@type":"ReadAction","target":["https:\/\/www.dhenne-avocats.fr\/blog-dhenne-avocats-7\/"]}]},{"@type":"ImageObject","inLanguage":"en-GB","@id":"https:\/\/www.dhenne-avocats.fr\/blog-dhenne-avocats-7\/#primaryimage","url":"https:\/\/www.dhenne-avocats.fr\/wp-content\/uploads\/2024\/03\/AdobeStock_194906725-1-scaled.jpeg","contentUrl":"https:\/\/www.dhenne-avocats.fr\/wp-content\/uploads\/2024\/03\/AdobeStock_194906725-1-scaled.jpeg","width":2560,"height":948},{"@type":"BreadcrumbList","@id":"https:\/\/www.dhenne-avocats.fr\/blog-dhenne-avocats-7\/#breadcrumb","itemListElement":[{"@type":"ListItem","position":1,"name":"Accueil","item":"https:\/\/www.dhenne-avocats.fr\/"},{"@type":"ListItem","position":2,"name":"Juge fran\u00e7ais comp\u00e9tent pour la contrefa\u00e7on \u00e0 l&rsquo;\u00e9tranger : Droit international priv\u00e9 ou JUB ?"}]},{"@type":"WebSite","@id":"https:\/\/www.dhenne-avocats.fr\/#website","url":"https:\/\/www.dhenne-avocats.fr\/","name":"Dhenne Avocats","description":"Cabinet d&#039;avocats en droit des brevets","publisher":{"@id":"https:\/\/www.dhenne-avocats.fr\/#organization"},"potentialAction":[{"@type":"SearchAction","target":{"@type":"EntryPoint","urlTemplate":"https:\/\/www.dhenne-avocats.fr\/?s={search_term_string}"},"query-input":{"@type":"PropertyValueSpecification","valueRequired":true,"valueName":"search_term_string"}}],"inLanguage":"en-GB"},{"@type":"Organization","@id":"https:\/\/www.dhenne-avocats.fr\/#organization","name":"Dhenne Avocats","alternateName":"dhenne avocats","url":"https:\/\/www.dhenne-avocats.fr\/","logo":{"@type":"ImageObject","inLanguage":"en-GB","@id":"https:\/\/www.dhenne-avocats.fr\/#\/schema\/logo\/image\/","url":"https:\/\/www.dhenne-avocats.fr\/wp-content\/uploads\/2024\/03\/cropped-DhenneAvocats_Favicon_RVB_FullColor-1.png","contentUrl":"https:\/\/www.dhenne-avocats.fr\/wp-content\/uploads\/2024\/03\/cropped-DhenneAvocats_Favicon_RVB_FullColor-1.png","width":512,"height":512,"caption":"Dhenne Avocats"},"image":{"@id":"https:\/\/www.dhenne-avocats.fr\/#\/schema\/logo\/image\/"}},{"@type":"Person","@id":"https:\/\/www.dhenne-avocats.fr\/#\/schema\/person\/5a7426c68f341a547a6d8e49fe07cea7","name":"eajvi7G6Zv5P9","image":{"@type":"ImageObject","inLanguage":"en-GB","@id":"https:\/\/www.dhenne-avocats.fr\/#\/schema\/person\/image\/","url":"https:\/\/secure.gravatar.com\/avatar\/faaaaacf01055ee63a78e37c3014f990f3235015c2bdef148e716a6a8e39a842?s=96&d=mm&r=g","contentUrl":"https:\/\/secure.gravatar.com\/avatar\/faaaaacf01055ee63a78e37c3014f990f3235015c2bdef148e716a6a8e39a842?s=96&d=mm&r=g","caption":"eajvi7G6Zv5P9"},"sameAs":["https:\/\/www.dhenne-avocats.fr"]}]}},"_links":{"self":[{"href":"https:\/\/www.dhenne-avocats.fr\/en\/wp-json\/wp\/v2\/posts\/7958","targetHints":{"allow":["GET"]}}],"collection":[{"href":"https:\/\/www.dhenne-avocats.fr\/en\/wp-json\/wp\/v2\/posts"}],"about":[{"href":"https:\/\/www.dhenne-avocats.fr\/en\/wp-json\/wp\/v2\/types\/post"}],"author":[{"embeddable":true,"href":"https:\/\/www.dhenne-avocats.fr\/en\/wp-json\/wp\/v2\/users\/5"}],"replies":[{"embeddable":true,"href":"https:\/\/www.dhenne-avocats.fr\/en\/wp-json\/wp\/v2\/comments?post=7958"}],"version-history":[{"count":0,"href":"https:\/\/www.dhenne-avocats.fr\/en\/wp-json\/wp\/v2\/posts\/7958\/revisions"}],"wp:featuredmedia":[{"embeddable":true,"href":"https:\/\/www.dhenne-avocats.fr\/en\/wp-json\/wp\/v2\/media\/7959"}],"wp:attachment":[{"href":"https:\/\/www.dhenne-avocats.fr\/en\/wp-json\/wp\/v2\/media?parent=7958"}],"wp:term":[{"taxonomy":"category","embeddable":true,"href":"https:\/\/www.dhenne-avocats.fr\/en\/wp-json\/wp\/v2\/categories?post=7958"},{"taxonomy":"post_tag","embeddable":true,"href":"https:\/\/www.dhenne-avocats.fr\/en\/wp-json\/wp\/v2\/tags?post=7958"}],"curies":[{"name":"wp","href":"https:\/\/api.w.org\/{rel}","templated":true}]}}