{"id":7937,"date":"2022-09-04T18:24:21","date_gmt":"2022-09-04T18:24:21","guid":{"rendered":"https:\/\/www.dhenne-avocat.sea-dev-and-sun.fr\/2022\/09\/04\/blog-dhenne-avocats-6\/"},"modified":"2022-09-04T18:24:21","modified_gmt":"2022-09-04T18:24:21","slug":"blog-dhenne-avocats-6","status":"publish","type":"post","link":"https:\/\/www.dhenne-avocats.fr\/en\/blog-dhenne-avocats-6\/","title":{"rendered":"Covid 19 vaccines: why Moderna is taking Pfizer to court (Interview France Culture)"},"content":{"rendered":"<p>Interview de <a href=\"https:\/\/www.dhenne-avocats.fr\/en\/avocat\/matthieu-dhenne-avocat-brevets\/\">Matthieu Dhenne<\/a> pour la matinale de France Culture avec <a href=\"https:\/\/fr.wikipedia.org\/wiki\/Guillaume_Erner\">Guillaume Erner<\/a> sur les actions en <a href=\"https:\/\/www.dhenne-avocats.fr\/en\/lexique-propriete-industrielle\/infringement\/\">Infrigement<\/a> introduites par <a href=\"https:\/\/modernacovid19global.com\/fr-FR\">Moderna<\/a> contre <a href=\"https:\/\/www.pfizer.fr\/\">Pfizer<\/a> et <a href=\"https:\/\/www.biontech.com\/int\/en\/home.html\">BioNTech<\/a> qui sont fond\u00e9es sur des <a href=\"https:\/\/www.dhenne-avocats.fr\/en\/lexique-propriete-industrielle\/patent\/\">patent law<\/a> li\u00e9s aux vaccins Covid-19 (<a href=\"https:\/\/www.radiofrance.fr\/franceculture\/podcasts\/la-question-du-jour\/vaccins-covid-19-pourquoi-moderna-attaque-pfizer-en-justice-6095772\">lien<\/a>).<\/p>\n<div class=\"g-title-3 ExpressionSummary-title svelte-1j8x24h\">R\u00e9sum\u00e9<\/div>\n<p class=\"g-text-2-long ExpressionSummary-standFirst svelte-1j8x24h\"><em><strong>Que reproche pr\u00e9cis\u00e9ment Moderna \u00e0 Pfizer\u00a0? La soci\u00e9t\u00e9 Moderna a annonc\u00e9 poursuivre en justice Pfizer\/BioNTech pour violation de brevets concernant les vaccins \u00e0 ARN messager contre le covid19. Au-del\u00e0 de l&rsquo;aspect financier, quels sont les enjeux de cette bataille juridique\u00a0?<\/strong><\/em><\/p>","protected":false},"excerpt":{"rendered":"<p>Interview de Matthieu Dhenne pour la matinale de France Culture avec Guillaume Erner sur les actions en contrefa\u00e7on introduites par Moderna contre Pfizer et BioNTech qui sont fond\u00e9es sur des brevets li\u00e9s aux vaccins Covid-19 (lien). R\u00e9sum\u00e9 Que reproche pr\u00e9cis\u00e9ment Moderna \u00e0 Pfizer\u00a0? La soci\u00e9t\u00e9 Moderna a annonc\u00e9 poursuivre en justice Pfizer\/BioNTech pour violation de [&hellip;]<\/p>","protected":false},"author":5,"featured_media":7938,"comment_status":"closed","ping_status":"closed","sticky":false,"template":"","format":"standard","meta":{"_acf_changed":false,"footnotes":""},"categories":[16,18,8,19,9,25],"tags":[],"class_list":["post-7937","post","type-post","status-publish","format-standard","has-post-thumbnail","hentry","category-brevets","category-contentieux","category-covid-19","category-dommages-et-interets","category-levee-des-brevets","category-patent-pledge"],"acf":[],"yoast_head":"<!-- This site is optimized with the Yoast SEO plugin v25.6 - https:\/\/yoast.com\/wordpress\/plugins\/seo\/ -->\n<title>Vaccins covid 19 : pourquoi Moderna attaque Pfizer en justice ? (Interview France Culture) - Dhenne Avocats<\/title>\n<meta name=\"description\" content=\"Lisez l&#039;article : Vaccins covid 19 : pourquoi Moderna attaque Pfizer en justice ? (Interview France Culture) du blog Dhenne Avocats\" \/>\n<meta name=\"robots\" content=\"index, follow, max-snippet:-1, max-image-preview:large, max-video-preview:-1\" \/>\n<link rel=\"canonical\" href=\"https:\/\/www.dhenne-avocats.fr\/en\/blog-dhenne-avocats-6\/\" \/>\n<meta property=\"og:locale\" content=\"en_GB\" \/>\n<meta property=\"og:type\" content=\"article\" \/>\n<meta property=\"og:title\" content=\"Vaccins covid 19 : pourquoi Moderna attaque Pfizer en justice ? (Interview France Culture) - Dhenne Avocats\" \/>\n<meta property=\"og:description\" content=\"Lisez l&#039;article : Vaccins covid 19 : pourquoi Moderna attaque Pfizer en justice ? (Interview France Culture) du blog Dhenne Avocats\" \/>\n<meta property=\"og:url\" content=\"https:\/\/www.dhenne-avocats.fr\/en\/blog-dhenne-avocats-6\/\" \/>\n<meta property=\"og:site_name\" content=\"Dhenne Avocats\" \/>\n<meta property=\"article:published_time\" content=\"2022-09-04T18:24:21+00:00\" \/>\n<meta property=\"og:image\" content=\"https:\/\/www.dhenne-avocats.fr\/wp-content\/uploads\/2024\/03\/AdobeStock_220120304-scaled-2.jpeg\" \/>\n\t<meta property=\"og:image:width\" content=\"2560\" \/>\n\t<meta property=\"og:image:height\" content=\"1707\" \/>\n\t<meta property=\"og:image:type\" content=\"image\/jpeg\" \/>\n<meta name=\"author\" content=\"eajvi7G6Zv5P9\" \/>\n<meta name=\"twitter:card\" content=\"summary_large_image\" \/>\n<meta name=\"twitter:label1\" content=\"Written by\" \/>\n\t<meta name=\"twitter:data1\" content=\"eajvi7G6Zv5P9\" \/>\n<script type=\"application\/ld+json\" class=\"yoast-schema-graph\">{\"@context\":\"https:\/\/schema.org\",\"@graph\":[{\"@type\":\"Article\",\"@id\":\"https:\/\/www.dhenne-avocats.fr\/blog-dhenne-avocats-6\/#article\",\"isPartOf\":{\"@id\":\"https:\/\/www.dhenne-avocats.fr\/blog-dhenne-avocats-6\/\"},\"author\":{\"name\":\"eajvi7G6Zv5P9\",\"@id\":\"https:\/\/www.dhenne-avocats.fr\/#\/schema\/person\/5a7426c68f341a547a6d8e49fe07cea7\"},\"headline\":\"Vaccins covid 19 : pourquoi Moderna attaque Pfizer en justice ? (Interview France Culture)\",\"datePublished\":\"2022-09-04T18:24:21+00:00\",\"mainEntityOfPage\":{\"@id\":\"https:\/\/www.dhenne-avocats.fr\/blog-dhenne-avocats-6\/\"},\"wordCount\":95,\"publisher\":{\"@id\":\"https:\/\/www.dhenne-avocats.fr\/#organization\"},\"image\":{\"@id\":\"https:\/\/www.dhenne-avocats.fr\/blog-dhenne-avocats-6\/#primaryimage\"},\"thumbnailUrl\":\"https:\/\/www.dhenne-avocats.fr\/wp-content\/uploads\/2024\/03\/AdobeStock_220120304-scaled-2.jpeg\",\"articleSection\":[\"Brevets\",\"Contentieux\",\"covid-19\",\"Dommages et int\u00e9r\u00eats\",\"lev\u00e9e des brevets\",\"patent pledge\"],\"inLanguage\":\"en-GB\"},{\"@type\":\"WebPage\",\"@id\":\"https:\/\/www.dhenne-avocats.fr\/blog-dhenne-avocats-6\/\",\"url\":\"https:\/\/www.dhenne-avocats.fr\/blog-dhenne-avocats-6\/\",\"name\":\"Vaccins covid 19 : pourquoi Moderna attaque Pfizer en justice ? (Interview France Culture) - Dhenne Avocats\",\"isPartOf\":{\"@id\":\"https:\/\/www.dhenne-avocats.fr\/#website\"},\"primaryImageOfPage\":{\"@id\":\"https:\/\/www.dhenne-avocats.fr\/blog-dhenne-avocats-6\/#primaryimage\"},\"image\":{\"@id\":\"https:\/\/www.dhenne-avocats.fr\/blog-dhenne-avocats-6\/#primaryimage\"},\"thumbnailUrl\":\"https:\/\/www.dhenne-avocats.fr\/wp-content\/uploads\/2024\/03\/AdobeStock_220120304-scaled-2.jpeg\",\"datePublished\":\"2022-09-04T18:24:21+00:00\",\"description\":\"Lisez l'article : Vaccins covid 19 : pourquoi Moderna attaque Pfizer en justice ? (Interview France Culture) du blog Dhenne Avocats\",\"breadcrumb\":{\"@id\":\"https:\/\/www.dhenne-avocats.fr\/blog-dhenne-avocats-6\/#breadcrumb\"},\"inLanguage\":\"en-GB\",\"potentialAction\":[{\"@type\":\"ReadAction\",\"target\":[\"https:\/\/www.dhenne-avocats.fr\/blog-dhenne-avocats-6\/\"]}]},{\"@type\":\"ImageObject\",\"inLanguage\":\"en-GB\",\"@id\":\"https:\/\/www.dhenne-avocats.fr\/blog-dhenne-avocats-6\/#primaryimage\",\"url\":\"https:\/\/www.dhenne-avocats.fr\/wp-content\/uploads\/2024\/03\/AdobeStock_220120304-scaled-2.jpeg\",\"contentUrl\":\"https:\/\/www.dhenne-avocats.fr\/wp-content\/uploads\/2024\/03\/AdobeStock_220120304-scaled-2.jpeg\",\"width\":2560,\"height\":1707},{\"@type\":\"BreadcrumbList\",\"@id\":\"https:\/\/www.dhenne-avocats.fr\/blog-dhenne-avocats-6\/#breadcrumb\",\"itemListElement\":[{\"@type\":\"ListItem\",\"position\":1,\"name\":\"Accueil\",\"item\":\"https:\/\/www.dhenne-avocats.fr\/\"},{\"@type\":\"ListItem\",\"position\":2,\"name\":\"Vaccins covid 19 : pourquoi Moderna attaque Pfizer en justice ? (Interview France Culture)\"}]},{\"@type\":\"WebSite\",\"@id\":\"https:\/\/www.dhenne-avocats.fr\/#website\",\"url\":\"https:\/\/www.dhenne-avocats.fr\/\",\"name\":\"Dhenne Avocats\",\"description\":\"Cabinet d&#039;avocats en droit des brevets\",\"publisher\":{\"@id\":\"https:\/\/www.dhenne-avocats.fr\/#organization\"},\"potentialAction\":[{\"@type\":\"SearchAction\",\"target\":{\"@type\":\"EntryPoint\",\"urlTemplate\":\"https:\/\/www.dhenne-avocats.fr\/?s={search_term_string}\"},\"query-input\":{\"@type\":\"PropertyValueSpecification\",\"valueRequired\":true,\"valueName\":\"search_term_string\"}}],\"inLanguage\":\"en-GB\"},{\"@type\":\"Organization\",\"@id\":\"https:\/\/www.dhenne-avocats.fr\/#organization\",\"name\":\"Dhenne Avocats\",\"alternateName\":\"dhenne avocats\",\"url\":\"https:\/\/www.dhenne-avocats.fr\/\",\"logo\":{\"@type\":\"ImageObject\",\"inLanguage\":\"en-GB\",\"@id\":\"https:\/\/www.dhenne-avocats.fr\/#\/schema\/logo\/image\/\",\"url\":\"https:\/\/www.dhenne-avocats.fr\/wp-content\/uploads\/2024\/03\/cropped-DhenneAvocats_Favicon_RVB_FullColor-1.png\",\"contentUrl\":\"https:\/\/www.dhenne-avocats.fr\/wp-content\/uploads\/2024\/03\/cropped-DhenneAvocats_Favicon_RVB_FullColor-1.png\",\"width\":512,\"height\":512,\"caption\":\"Dhenne Avocats\"},\"image\":{\"@id\":\"https:\/\/www.dhenne-avocats.fr\/#\/schema\/logo\/image\/\"}},{\"@type\":\"Person\",\"@id\":\"https:\/\/www.dhenne-avocats.fr\/#\/schema\/person\/5a7426c68f341a547a6d8e49fe07cea7\",\"name\":\"eajvi7G6Zv5P9\",\"image\":{\"@type\":\"ImageObject\",\"inLanguage\":\"en-GB\",\"@id\":\"https:\/\/www.dhenne-avocats.fr\/#\/schema\/person\/image\/\",\"url\":\"https:\/\/secure.gravatar.com\/avatar\/faaaaacf01055ee63a78e37c3014f990f3235015c2bdef148e716a6a8e39a842?s=96&d=mm&r=g\",\"contentUrl\":\"https:\/\/secure.gravatar.com\/avatar\/faaaaacf01055ee63a78e37c3014f990f3235015c2bdef148e716a6a8e39a842?s=96&d=mm&r=g\",\"caption\":\"eajvi7G6Zv5P9\"},\"sameAs\":[\"https:\/\/www.dhenne-avocats.fr\"]}]}<\/script>\n<!-- \/ Yoast SEO plugin. -->","yoast_head_json":{"title":"Vaccins covid 19 : pourquoi Moderna attaque Pfizer en justice ? (Interview France Culture) - Dhenne Avocats","description":"Lisez l'article : Vaccins covid 19 : pourquoi Moderna attaque Pfizer en justice ? (Interview France Culture) du blog Dhenne Avocats","robots":{"index":"index","follow":"follow","max-snippet":"max-snippet:-1","max-image-preview":"max-image-preview:large","max-video-preview":"max-video-preview:-1"},"canonical":"https:\/\/www.dhenne-avocats.fr\/en\/blog-dhenne-avocats-6\/","og_locale":"en_GB","og_type":"article","og_title":"Vaccins covid 19 : pourquoi Moderna attaque Pfizer en justice ? (Interview France Culture) - Dhenne Avocats","og_description":"Lisez l'article : Vaccins covid 19 : pourquoi Moderna attaque Pfizer en justice ? (Interview France Culture) du blog Dhenne Avocats","og_url":"https:\/\/www.dhenne-avocats.fr\/en\/blog-dhenne-avocats-6\/","og_site_name":"Dhenne Avocats","article_published_time":"2022-09-04T18:24:21+00:00","og_image":[{"width":2560,"height":1707,"url":"https:\/\/www.dhenne-avocats.fr\/wp-content\/uploads\/2024\/03\/AdobeStock_220120304-scaled-2.jpeg","type":"image\/jpeg"}],"author":"eajvi7G6Zv5P9","twitter_card":"summary_large_image","twitter_misc":{"Written by":"eajvi7G6Zv5P9"},"schema":{"@context":"https:\/\/schema.org","@graph":[{"@type":"Article","@id":"https:\/\/www.dhenne-avocats.fr\/blog-dhenne-avocats-6\/#article","isPartOf":{"@id":"https:\/\/www.dhenne-avocats.fr\/blog-dhenne-avocats-6\/"},"author":{"name":"eajvi7G6Zv5P9","@id":"https:\/\/www.dhenne-avocats.fr\/#\/schema\/person\/5a7426c68f341a547a6d8e49fe07cea7"},"headline":"Vaccins covid 19 : pourquoi Moderna attaque Pfizer en justice ? (Interview France Culture)","datePublished":"2022-09-04T18:24:21+00:00","mainEntityOfPage":{"@id":"https:\/\/www.dhenne-avocats.fr\/blog-dhenne-avocats-6\/"},"wordCount":95,"publisher":{"@id":"https:\/\/www.dhenne-avocats.fr\/#organization"},"image":{"@id":"https:\/\/www.dhenne-avocats.fr\/blog-dhenne-avocats-6\/#primaryimage"},"thumbnailUrl":"https:\/\/www.dhenne-avocats.fr\/wp-content\/uploads\/2024\/03\/AdobeStock_220120304-scaled-2.jpeg","articleSection":["Brevets","Contentieux","covid-19","Dommages et int\u00e9r\u00eats","lev\u00e9e des brevets","patent pledge"],"inLanguage":"en-GB"},{"@type":"WebPage","@id":"https:\/\/www.dhenne-avocats.fr\/blog-dhenne-avocats-6\/","url":"https:\/\/www.dhenne-avocats.fr\/blog-dhenne-avocats-6\/","name":"Vaccins covid 19 : pourquoi Moderna attaque Pfizer en justice ? (Interview France Culture) - Dhenne Avocats","isPartOf":{"@id":"https:\/\/www.dhenne-avocats.fr\/#website"},"primaryImageOfPage":{"@id":"https:\/\/www.dhenne-avocats.fr\/blog-dhenne-avocats-6\/#primaryimage"},"image":{"@id":"https:\/\/www.dhenne-avocats.fr\/blog-dhenne-avocats-6\/#primaryimage"},"thumbnailUrl":"https:\/\/www.dhenne-avocats.fr\/wp-content\/uploads\/2024\/03\/AdobeStock_220120304-scaled-2.jpeg","datePublished":"2022-09-04T18:24:21+00:00","description":"Lisez l'article : Vaccins covid 19 : pourquoi Moderna attaque Pfizer en justice ? (Interview France Culture) du blog Dhenne Avocats","breadcrumb":{"@id":"https:\/\/www.dhenne-avocats.fr\/blog-dhenne-avocats-6\/#breadcrumb"},"inLanguage":"en-GB","potentialAction":[{"@type":"ReadAction","target":["https:\/\/www.dhenne-avocats.fr\/blog-dhenne-avocats-6\/"]}]},{"@type":"ImageObject","inLanguage":"en-GB","@id":"https:\/\/www.dhenne-avocats.fr\/blog-dhenne-avocats-6\/#primaryimage","url":"https:\/\/www.dhenne-avocats.fr\/wp-content\/uploads\/2024\/03\/AdobeStock_220120304-scaled-2.jpeg","contentUrl":"https:\/\/www.dhenne-avocats.fr\/wp-content\/uploads\/2024\/03\/AdobeStock_220120304-scaled-2.jpeg","width":2560,"height":1707},{"@type":"BreadcrumbList","@id":"https:\/\/www.dhenne-avocats.fr\/blog-dhenne-avocats-6\/#breadcrumb","itemListElement":[{"@type":"ListItem","position":1,"name":"Accueil","item":"https:\/\/www.dhenne-avocats.fr\/"},{"@type":"ListItem","position":2,"name":"Vaccins covid 19 : pourquoi Moderna attaque Pfizer en justice ? (Interview France Culture)"}]},{"@type":"WebSite","@id":"https:\/\/www.dhenne-avocats.fr\/#website","url":"https:\/\/www.dhenne-avocats.fr\/","name":"Dhenne Avocats","description":"Cabinet d&#039;avocats en droit des brevets","publisher":{"@id":"https:\/\/www.dhenne-avocats.fr\/#organization"},"potentialAction":[{"@type":"SearchAction","target":{"@type":"EntryPoint","urlTemplate":"https:\/\/www.dhenne-avocats.fr\/?s={search_term_string}"},"query-input":{"@type":"PropertyValueSpecification","valueRequired":true,"valueName":"search_term_string"}}],"inLanguage":"en-GB"},{"@type":"Organization","@id":"https:\/\/www.dhenne-avocats.fr\/#organization","name":"Dhenne Avocats","alternateName":"dhenne avocats","url":"https:\/\/www.dhenne-avocats.fr\/","logo":{"@type":"ImageObject","inLanguage":"en-GB","@id":"https:\/\/www.dhenne-avocats.fr\/#\/schema\/logo\/image\/","url":"https:\/\/www.dhenne-avocats.fr\/wp-content\/uploads\/2024\/03\/cropped-DhenneAvocats_Favicon_RVB_FullColor-1.png","contentUrl":"https:\/\/www.dhenne-avocats.fr\/wp-content\/uploads\/2024\/03\/cropped-DhenneAvocats_Favicon_RVB_FullColor-1.png","width":512,"height":512,"caption":"Dhenne Avocats"},"image":{"@id":"https:\/\/www.dhenne-avocats.fr\/#\/schema\/logo\/image\/"}},{"@type":"Person","@id":"https:\/\/www.dhenne-avocats.fr\/#\/schema\/person\/5a7426c68f341a547a6d8e49fe07cea7","name":"eajvi7G6Zv5P9","image":{"@type":"ImageObject","inLanguage":"en-GB","@id":"https:\/\/www.dhenne-avocats.fr\/#\/schema\/person\/image\/","url":"https:\/\/secure.gravatar.com\/avatar\/faaaaacf01055ee63a78e37c3014f990f3235015c2bdef148e716a6a8e39a842?s=96&d=mm&r=g","contentUrl":"https:\/\/secure.gravatar.com\/avatar\/faaaaacf01055ee63a78e37c3014f990f3235015c2bdef148e716a6a8e39a842?s=96&d=mm&r=g","caption":"eajvi7G6Zv5P9"},"sameAs":["https:\/\/www.dhenne-avocats.fr"]}]}},"_links":{"self":[{"href":"https:\/\/www.dhenne-avocats.fr\/en\/wp-json\/wp\/v2\/posts\/7937","targetHints":{"allow":["GET"]}}],"collection":[{"href":"https:\/\/www.dhenne-avocats.fr\/en\/wp-json\/wp\/v2\/posts"}],"about":[{"href":"https:\/\/www.dhenne-avocats.fr\/en\/wp-json\/wp\/v2\/types\/post"}],"author":[{"embeddable":true,"href":"https:\/\/www.dhenne-avocats.fr\/en\/wp-json\/wp\/v2\/users\/5"}],"replies":[{"embeddable":true,"href":"https:\/\/www.dhenne-avocats.fr\/en\/wp-json\/wp\/v2\/comments?post=7937"}],"version-history":[{"count":0,"href":"https:\/\/www.dhenne-avocats.fr\/en\/wp-json\/wp\/v2\/posts\/7937\/revisions"}],"wp:featuredmedia":[{"embeddable":true,"href":"https:\/\/www.dhenne-avocats.fr\/en\/wp-json\/wp\/v2\/media\/7938"}],"wp:attachment":[{"href":"https:\/\/www.dhenne-avocats.fr\/en\/wp-json\/wp\/v2\/media?parent=7937"}],"wp:term":[{"taxonomy":"category","embeddable":true,"href":"https:\/\/www.dhenne-avocats.fr\/en\/wp-json\/wp\/v2\/categories?post=7937"},{"taxonomy":"post_tag","embeddable":true,"href":"https:\/\/www.dhenne-avocats.fr\/en\/wp-json\/wp\/v2\/tags?post=7937"}],"curies":[{"name":"wp","href":"https:\/\/api.w.org\/{rel}","templated":true}]}}