{"id":7933,"date":"2022-06-22T17:18:52","date_gmt":"2022-06-22T17:18:52","guid":{"rendered":"https:\/\/www.dhenne-avocat.sea-dev-and-sun.fr\/2022\/06\/22\/levee-des-brevets-covid-19\/"},"modified":"2025-02-06T12:41:19","modified_gmt":"2025-02-06T12:41:19","slug":"lifting-covid-patent-19","status":"publish","type":"post","link":"https:\/\/www.dhenne-avocats.fr\/en\/lifting-covid-patent-19\/","title":{"rendered":"The lifting of patents on Covid-19 vaccines: myth or reality?"},"content":{"rendered":"<div class=\"reader-article-content reader-article-content--content-blocks\" dir=\"ltr\">\n<p class=\"reader-text-block__paragraph\"><strong><em>Le 17 juin 2022, les membres de l\u2019OMC ont adopt\u00e9 une d\u00e9rogation permettant de suspendre des droits de brevet li\u00e9s \u00e0 la pand\u00e9mie Covid-19. Les milieux int\u00e9ress\u00e9s s\u2019alarment d\u00e9j\u00e0 \u00e0 propos de cette mesure : mais en quoi consiste-t-elle r\u00e9ellement ? La \u00ab\u00a0lev\u00e9e\u00a0\u00bb des brevets r\u00e9volution ou temp\u00eate dans un verre d\u2019eau ?<\/em><\/strong><\/p>\n<h2 class=\"reader-text-block__heading2\">Une proc\u00e9dure d\u2019obtention acc\u00e9l\u00e9r\u00e9e de licences obligatoires<\/h2>\n<p class=\"reader-text-block__paragraph\">La d\u00e9rogation adopt\u00e9e diff\u00e8re de la proposition initiale de l\u2019Afrique du Sud et l\u2019Inde d\u2019octobre 2020. En effet, cette derni\u00e8re envisageait une d\u00e9rogation plus compl\u00e8te, se rapprochant davantage d\u2019une expropriation, aux obligations des ADPIC en vue de la production et de l\u2019accessibilit\u00e9 des traitements li\u00e9s \u00e0 la Covid-19. Or, la d\u00e9rogation finalement adopt\u00e9e se fonde sur la contre-proposition de l\u2019Union europ\u00e9enne d\u2019octobre 2021, centr\u00e9e sur l\u2019utilisation de la flexibilit\u00e9 existante des ADPIC en mati\u00e8re de licences obligatoires. Pour rappel, ces derni\u00e8res limitent l\u2019usage des droits de propri\u00e9t\u00e9 intellectuelle, mais garantissent des redevances \u00e0 leurs titulaires, ce qui n\u2019est pas le cas avec une expropriation.<\/p>\n<p class=\"reader-text-block__paragraph\">De fait, la d\u00e9rogation permet \u00e0 un membre de l\u2019OMC d\u2019exploiter un brevet, qui porte sur une technique li\u00e9 \u00e0 un vaccin Covid-19, sans le consentement du d\u00e9tenteur de droit via une licence obligatoire qui sera obtenue par une proc\u00e9dure acc\u00e9l\u00e9r\u00e9e\u00a0: tout m\u00e9canisme juridique national, tel qu\u2019un d\u00e9cret par exemple. En somme, il s\u2019agit de faciliter l\u2019obtention de licences obligatoires pour certains brevets, ce qui exige que les pays membres disposent d\u00e9j\u00e0 d\u2019un tel m\u00e9canisme dans leurs droits nationaux.<\/p>\n<p class=\"reader-text-block__paragraph\">Concernant la r\u00e9mun\u00e9ration des titulaires de droits, il est fait r\u00e9f\u00e9rence \u00e0 la nature humanitaire et sans but lucratif de la fourniture de vaccins, ce qui laisse une certaine souplesse pour d\u00e9terminer le niveau des redevances \u00e0 payer. Un renvoi est op\u00e9r\u00e9 vers directives de l\u2019OMS\/Programme des Nations Unies pour le d\u00e9veloppement (PNUD) en mati\u00e8re de r\u00e9mun\u00e9ration \u00e0 cette fin.<\/p>\n<h2 class=\"reader-text-block__heading2\">\u00c9tendue de la mesure<\/h2>\n<p class=\"reader-text-block__paragraph\">Sont autant concern\u00e9s les brevets qui portent sur produits que ceux portant sur des proc\u00e9d\u00e9s. Cela \u00e9tant, seuls les vaccins sont actuellement concern\u00e9s. Les autres techniques en cause sont donc toujours exclues de cette d\u00e9cision, mais les membres se sont engag\u00e9s au paragraphe 8 \u00e0 d\u00e9cider dans les six prochains mois s\u2019il convenait d\u2019\u00e9tendre son champ d\u2019application pour inclure la production et la fourniture de produits th\u00e9rapeutiques et diagnostiques.<\/p>\n<p class=\"reader-text-block__paragraph\">La mesure semble cependant r\u00e9serv\u00e9e aux pays en voie d\u00e9veloppement. Il est en effet pr\u00e9cis\u00e9 que si ces derniers sont \u00e9ligibles, les pays ayant une capacit\u00e9 de production \u00ab\u00a0existante\u00a0\u00bb sont encourag\u00e9s \u00e0 prendre l\u2019\u00ab\u00a0engagement contraignant\u00a0\u00bb de ne pas se pr\u00e9valoir de la pr\u00e9sente d\u00e9cision. Or, ce sont justement ces pays qui seraient les plus \u00e0 m\u00eame de mettre en \u0153uvre la d\u00e9rogation. En revanche, les \u00c9tats renoncent \u00e0 l\u2019application de l\u2019article 31(f) des ADPIC, en vertu duquel la production dans le cadre de la d\u00e9cision doit \u00eatre principalement destin\u00e9e au march\u00e9 int\u00e9rieur, bien que la r\u00e9exportation de produits soit d\u00e9courag\u00e9e.<\/p>\n<p class=\"reader-text-block__paragraph\">Quant \u00e0 sa dur\u00e9e, le m\u00e9canisme pourra \u00eatre appliqu\u00e9 pendant les 5 prochaines ann\u00e9es. Dur\u00e9e qui sera r\u00e9examin\u00e9e et pourra \u00eatre revue annuellement par le Conseil g\u00e9n\u00e9ral.<\/p>\n<p>Finalement, m\u00eame si cette r\u00e9forme ne constitue pas une r\u00e9volution, nous ne pouvons n\u00e9anmoins n\u00e9gliger l\u2019importante source de restrictions qu\u2019elle pourrait constituer \u00e0 l\u2019avenir pour les titulaires de droits. Toutefois, en l\u2019\u00e9tat, elle se rapproche davantage d\u2019un signe de bonne volont\u00e9 politique envers les pays en voie de d\u00e9veloppement, destin\u00e9 \u00e0 leur faciliter l\u2019acc\u00e8s \u00e0 la production de vaccins \u00ab\u00a0Covid-19\u00a0\u00bb, bien que la r\u00e9ussite de l\u2019initiative reposera sans doute, in fine, plut\u00f4t sur la bonne volont\u00e9 des titulaires de droits de transf\u00e9rer leur savoir-faire.<\/p>\n<\/div>","protected":false},"excerpt":{"rendered":"<p>Le 17 juin 2022, les membres de l\u2019OMC ont adopt\u00e9 une d\u00e9rogation permettant de suspendre des droits de brevet li\u00e9s \u00e0 la pand\u00e9mie Covid-19. Les milieux int\u00e9ress\u00e9s s\u2019alarment d\u00e9j\u00e0 \u00e0 propos de cette mesure : mais en quoi consiste-t-elle r\u00e9ellement ? La \u00ab\u00a0lev\u00e9e\u00a0\u00bb des brevets r\u00e9volution ou temp\u00eate dans un verre d\u2019eau ? Une proc\u00e9dure [&hellip;]<\/p>","protected":false},"author":5,"featured_media":7866,"comment_status":"closed","ping_status":"closed","sticky":false,"template":"","format":"standard","meta":{"_acf_changed":false,"footnotes":""},"categories":[8,9,10],"tags":[],"class_list":["post-7933","post","type-post","status-publish","format-standard","has-post-thumbnail","hentry","category-covid-19","category-levee-des-brevets","category-licence-doffice"],"acf":[],"yoast_head":"<!-- This site is optimized with the Yoast SEO plugin v25.6 - https:\/\/yoast.com\/wordpress\/plugins\/seo\/ -->\n<title>La lev\u00e9e des brevets sur les vaccins Covid-19\u200b : mythe ou r\u00e9alit\u00e9 ? - Dhenne Avocats<\/title>\n<meta name=\"description\" content=\"Lisez l&#039;article : La lev\u00e9e des brevets sur les vaccins Covid-19\u200b : mythe ou r\u00e9alit\u00e9 ? du blog Dhenne Avocats\" \/>\n<meta name=\"robots\" content=\"index, follow, max-snippet:-1, max-image-preview:large, max-video-preview:-1\" \/>\n<link rel=\"canonical\" href=\"https:\/\/www.dhenne-avocats.fr\/en\/lifting-covid-patent-19\/\" \/>\n<meta property=\"og:locale\" content=\"en_GB\" \/>\n<meta property=\"og:type\" content=\"article\" \/>\n<meta property=\"og:title\" content=\"La lev\u00e9e des brevets sur les vaccins Covid-19\u200b : mythe ou r\u00e9alit\u00e9 ? - Dhenne Avocats\" \/>\n<meta property=\"og:description\" content=\"Lisez l&#039;article : La lev\u00e9e des brevets sur les vaccins Covid-19\u200b : mythe ou r\u00e9alit\u00e9 ? du blog Dhenne Avocats\" \/>\n<meta property=\"og:url\" content=\"https:\/\/www.dhenne-avocats.fr\/en\/lifting-covid-patent-19\/\" \/>\n<meta property=\"og:site_name\" content=\"Dhenne Avocats\" \/>\n<meta property=\"article:published_time\" content=\"2022-06-22T17:18:52+00:00\" \/>\n<meta property=\"article:modified_time\" content=\"2025-02-06T12:41:19+00:00\" \/>\n<meta property=\"og:image\" content=\"https:\/\/www.dhenne-avocats.fr\/wp-content\/uploads\/2024\/03\/AdobeStock_327257834-scaled-2.jpeg\" \/>\n\t<meta property=\"og:image:width\" content=\"2560\" \/>\n\t<meta property=\"og:image:height\" content=\"1707\" \/>\n\t<meta property=\"og:image:type\" content=\"image\/jpeg\" \/>\n<meta name=\"author\" content=\"eajvi7G6Zv5P9\" \/>\n<meta name=\"twitter:card\" content=\"summary_large_image\" \/>\n<meta name=\"twitter:label1\" content=\"Written by\" \/>\n\t<meta name=\"twitter:data1\" content=\"eajvi7G6Zv5P9\" \/>\n\t<meta name=\"twitter:label2\" content=\"Estimated reading time\" \/>\n\t<meta name=\"twitter:data2\" content=\"4 minutes\" \/>\n<script type=\"application\/ld+json\" class=\"yoast-schema-graph\">{\"@context\":\"https:\/\/schema.org\",\"@graph\":[{\"@type\":\"Article\",\"@id\":\"https:\/\/www.dhenne-avocats.fr\/levee-des-brevets-covid-19\/#article\",\"isPartOf\":{\"@id\":\"https:\/\/www.dhenne-avocats.fr\/levee-des-brevets-covid-19\/\"},\"author\":{\"name\":\"eajvi7G6Zv5P9\",\"@id\":\"https:\/\/www.dhenne-avocats.fr\/#\/schema\/person\/5a7426c68f341a547a6d8e49fe07cea7\"},\"headline\":\"La lev\u00e9e des brevets sur les vaccins Covid-19\u200b : mythe ou r\u00e9alit\u00e9 ?\",\"datePublished\":\"2022-06-22T17:18:52+00:00\",\"dateModified\":\"2025-02-06T12:41:19+00:00\",\"mainEntityOfPage\":{\"@id\":\"https:\/\/www.dhenne-avocats.fr\/levee-des-brevets-covid-19\/\"},\"wordCount\":699,\"publisher\":{\"@id\":\"https:\/\/www.dhenne-avocats.fr\/#organization\"},\"image\":{\"@id\":\"https:\/\/www.dhenne-avocats.fr\/levee-des-brevets-covid-19\/#primaryimage\"},\"thumbnailUrl\":\"https:\/\/www.dhenne-avocats.fr\/wp-content\/uploads\/2024\/03\/AdobeStock_327257834-scaled-2.jpeg\",\"articleSection\":[\"covid-19\",\"lev\u00e9e des brevets\",\"licence d'office\"],\"inLanguage\":\"en-GB\"},{\"@type\":\"WebPage\",\"@id\":\"https:\/\/www.dhenne-avocats.fr\/levee-des-brevets-covid-19\/\",\"url\":\"https:\/\/www.dhenne-avocats.fr\/levee-des-brevets-covid-19\/\",\"name\":\"La lev\u00e9e des brevets sur les vaccins Covid-19\u200b : mythe ou r\u00e9alit\u00e9 ? - Dhenne Avocats\",\"isPartOf\":{\"@id\":\"https:\/\/www.dhenne-avocats.fr\/#website\"},\"primaryImageOfPage\":{\"@id\":\"https:\/\/www.dhenne-avocats.fr\/levee-des-brevets-covid-19\/#primaryimage\"},\"image\":{\"@id\":\"https:\/\/www.dhenne-avocats.fr\/levee-des-brevets-covid-19\/#primaryimage\"},\"thumbnailUrl\":\"https:\/\/www.dhenne-avocats.fr\/wp-content\/uploads\/2024\/03\/AdobeStock_327257834-scaled-2.jpeg\",\"datePublished\":\"2022-06-22T17:18:52+00:00\",\"dateModified\":\"2025-02-06T12:41:19+00:00\",\"description\":\"Lisez l'article : La lev\u00e9e des brevets sur les vaccins Covid-19\u200b : mythe ou r\u00e9alit\u00e9 ? du blog Dhenne Avocats\",\"breadcrumb\":{\"@id\":\"https:\/\/www.dhenne-avocats.fr\/levee-des-brevets-covid-19\/#breadcrumb\"},\"inLanguage\":\"en-GB\",\"potentialAction\":[{\"@type\":\"ReadAction\",\"target\":[\"https:\/\/www.dhenne-avocats.fr\/levee-des-brevets-covid-19\/\"]}]},{\"@type\":\"ImageObject\",\"inLanguage\":\"en-GB\",\"@id\":\"https:\/\/www.dhenne-avocats.fr\/levee-des-brevets-covid-19\/#primaryimage\",\"url\":\"https:\/\/www.dhenne-avocats.fr\/wp-content\/uploads\/2024\/03\/AdobeStock_327257834-scaled-2.jpeg\",\"contentUrl\":\"https:\/\/www.dhenne-avocats.fr\/wp-content\/uploads\/2024\/03\/AdobeStock_327257834-scaled-2.jpeg\",\"width\":2560,\"height\":1707},{\"@type\":\"BreadcrumbList\",\"@id\":\"https:\/\/www.dhenne-avocats.fr\/levee-des-brevets-covid-19\/#breadcrumb\",\"itemListElement\":[{\"@type\":\"ListItem\",\"position\":1,\"name\":\"Accueil\",\"item\":\"https:\/\/www.dhenne-avocats.fr\/\"},{\"@type\":\"ListItem\",\"position\":2,\"name\":\"La lev\u00e9e des brevets sur les vaccins Covid-19\u200b : mythe ou r\u00e9alit\u00e9 ?\"}]},{\"@type\":\"WebSite\",\"@id\":\"https:\/\/www.dhenne-avocats.fr\/#website\",\"url\":\"https:\/\/www.dhenne-avocats.fr\/\",\"name\":\"Dhenne Avocats\",\"description\":\"Cabinet d&#039;avocats en droit des brevets\",\"publisher\":{\"@id\":\"https:\/\/www.dhenne-avocats.fr\/#organization\"},\"potentialAction\":[{\"@type\":\"SearchAction\",\"target\":{\"@type\":\"EntryPoint\",\"urlTemplate\":\"https:\/\/www.dhenne-avocats.fr\/?s={search_term_string}\"},\"query-input\":{\"@type\":\"PropertyValueSpecification\",\"valueRequired\":true,\"valueName\":\"search_term_string\"}}],\"inLanguage\":\"en-GB\"},{\"@type\":\"Organization\",\"@id\":\"https:\/\/www.dhenne-avocats.fr\/#organization\",\"name\":\"Dhenne Avocats\",\"alternateName\":\"dhenne avocats\",\"url\":\"https:\/\/www.dhenne-avocats.fr\/\",\"logo\":{\"@type\":\"ImageObject\",\"inLanguage\":\"en-GB\",\"@id\":\"https:\/\/www.dhenne-avocats.fr\/#\/schema\/logo\/image\/\",\"url\":\"https:\/\/www.dhenne-avocats.fr\/wp-content\/uploads\/2024\/03\/cropped-DhenneAvocats_Favicon_RVB_FullColor-1.png\",\"contentUrl\":\"https:\/\/www.dhenne-avocats.fr\/wp-content\/uploads\/2024\/03\/cropped-DhenneAvocats_Favicon_RVB_FullColor-1.png\",\"width\":512,\"height\":512,\"caption\":\"Dhenne Avocats\"},\"image\":{\"@id\":\"https:\/\/www.dhenne-avocats.fr\/#\/schema\/logo\/image\/\"}},{\"@type\":\"Person\",\"@id\":\"https:\/\/www.dhenne-avocats.fr\/#\/schema\/person\/5a7426c68f341a547a6d8e49fe07cea7\",\"name\":\"eajvi7G6Zv5P9\",\"image\":{\"@type\":\"ImageObject\",\"inLanguage\":\"en-GB\",\"@id\":\"https:\/\/www.dhenne-avocats.fr\/#\/schema\/person\/image\/\",\"url\":\"https:\/\/secure.gravatar.com\/avatar\/faaaaacf01055ee63a78e37c3014f990f3235015c2bdef148e716a6a8e39a842?s=96&d=mm&r=g\",\"contentUrl\":\"https:\/\/secure.gravatar.com\/avatar\/faaaaacf01055ee63a78e37c3014f990f3235015c2bdef148e716a6a8e39a842?s=96&d=mm&r=g\",\"caption\":\"eajvi7G6Zv5P9\"},\"sameAs\":[\"https:\/\/www.dhenne-avocats.fr\"]}]}<\/script>\n<!-- \/ Yoast SEO plugin. -->","yoast_head_json":{"title":"La lev\u00e9e des brevets sur les vaccins Covid-19\u200b : mythe ou r\u00e9alit\u00e9 ? - Dhenne Avocats","description":"Lisez l'article : La lev\u00e9e des brevets sur les vaccins Covid-19\u200b : mythe ou r\u00e9alit\u00e9 ? du blog Dhenne Avocats","robots":{"index":"index","follow":"follow","max-snippet":"max-snippet:-1","max-image-preview":"max-image-preview:large","max-video-preview":"max-video-preview:-1"},"canonical":"https:\/\/www.dhenne-avocats.fr\/en\/lifting-covid-patent-19\/","og_locale":"en_GB","og_type":"article","og_title":"La lev\u00e9e des brevets sur les vaccins Covid-19\u200b : mythe ou r\u00e9alit\u00e9 ? - Dhenne Avocats","og_description":"Lisez l'article : La lev\u00e9e des brevets sur les vaccins Covid-19\u200b : mythe ou r\u00e9alit\u00e9 ? du blog Dhenne Avocats","og_url":"https:\/\/www.dhenne-avocats.fr\/en\/lifting-covid-patent-19\/","og_site_name":"Dhenne Avocats","article_published_time":"2022-06-22T17:18:52+00:00","article_modified_time":"2025-02-06T12:41:19+00:00","og_image":[{"width":2560,"height":1707,"url":"https:\/\/www.dhenne-avocats.fr\/wp-content\/uploads\/2024\/03\/AdobeStock_327257834-scaled-2.jpeg","type":"image\/jpeg"}],"author":"eajvi7G6Zv5P9","twitter_card":"summary_large_image","twitter_misc":{"Written by":"eajvi7G6Zv5P9","Estimated reading time":"4 minutes"},"schema":{"@context":"https:\/\/schema.org","@graph":[{"@type":"Article","@id":"https:\/\/www.dhenne-avocats.fr\/levee-des-brevets-covid-19\/#article","isPartOf":{"@id":"https:\/\/www.dhenne-avocats.fr\/levee-des-brevets-covid-19\/"},"author":{"name":"eajvi7G6Zv5P9","@id":"https:\/\/www.dhenne-avocats.fr\/#\/schema\/person\/5a7426c68f341a547a6d8e49fe07cea7"},"headline":"La lev\u00e9e des brevets sur les vaccins Covid-19\u200b : mythe ou r\u00e9alit\u00e9 ?","datePublished":"2022-06-22T17:18:52+00:00","dateModified":"2025-02-06T12:41:19+00:00","mainEntityOfPage":{"@id":"https:\/\/www.dhenne-avocats.fr\/levee-des-brevets-covid-19\/"},"wordCount":699,"publisher":{"@id":"https:\/\/www.dhenne-avocats.fr\/#organization"},"image":{"@id":"https:\/\/www.dhenne-avocats.fr\/levee-des-brevets-covid-19\/#primaryimage"},"thumbnailUrl":"https:\/\/www.dhenne-avocats.fr\/wp-content\/uploads\/2024\/03\/AdobeStock_327257834-scaled-2.jpeg","articleSection":["covid-19","lev\u00e9e des brevets","licence d'office"],"inLanguage":"en-GB"},{"@type":"WebPage","@id":"https:\/\/www.dhenne-avocats.fr\/levee-des-brevets-covid-19\/","url":"https:\/\/www.dhenne-avocats.fr\/levee-des-brevets-covid-19\/","name":"La lev\u00e9e des brevets sur les vaccins Covid-19\u200b : mythe ou r\u00e9alit\u00e9 ? - Dhenne Avocats","isPartOf":{"@id":"https:\/\/www.dhenne-avocats.fr\/#website"},"primaryImageOfPage":{"@id":"https:\/\/www.dhenne-avocats.fr\/levee-des-brevets-covid-19\/#primaryimage"},"image":{"@id":"https:\/\/www.dhenne-avocats.fr\/levee-des-brevets-covid-19\/#primaryimage"},"thumbnailUrl":"https:\/\/www.dhenne-avocats.fr\/wp-content\/uploads\/2024\/03\/AdobeStock_327257834-scaled-2.jpeg","datePublished":"2022-06-22T17:18:52+00:00","dateModified":"2025-02-06T12:41:19+00:00","description":"Lisez l'article : La lev\u00e9e des brevets sur les vaccins Covid-19\u200b : mythe ou r\u00e9alit\u00e9 ? du blog Dhenne Avocats","breadcrumb":{"@id":"https:\/\/www.dhenne-avocats.fr\/levee-des-brevets-covid-19\/#breadcrumb"},"inLanguage":"en-GB","potentialAction":[{"@type":"ReadAction","target":["https:\/\/www.dhenne-avocats.fr\/levee-des-brevets-covid-19\/"]}]},{"@type":"ImageObject","inLanguage":"en-GB","@id":"https:\/\/www.dhenne-avocats.fr\/levee-des-brevets-covid-19\/#primaryimage","url":"https:\/\/www.dhenne-avocats.fr\/wp-content\/uploads\/2024\/03\/AdobeStock_327257834-scaled-2.jpeg","contentUrl":"https:\/\/www.dhenne-avocats.fr\/wp-content\/uploads\/2024\/03\/AdobeStock_327257834-scaled-2.jpeg","width":2560,"height":1707},{"@type":"BreadcrumbList","@id":"https:\/\/www.dhenne-avocats.fr\/levee-des-brevets-covid-19\/#breadcrumb","itemListElement":[{"@type":"ListItem","position":1,"name":"Accueil","item":"https:\/\/www.dhenne-avocats.fr\/"},{"@type":"ListItem","position":2,"name":"La lev\u00e9e des brevets sur les vaccins Covid-19\u200b : mythe ou r\u00e9alit\u00e9 ?"}]},{"@type":"WebSite","@id":"https:\/\/www.dhenne-avocats.fr\/#website","url":"https:\/\/www.dhenne-avocats.fr\/","name":"Dhenne Avocats","description":"Cabinet d&#039;avocats en droit des brevets","publisher":{"@id":"https:\/\/www.dhenne-avocats.fr\/#organization"},"potentialAction":[{"@type":"SearchAction","target":{"@type":"EntryPoint","urlTemplate":"https:\/\/www.dhenne-avocats.fr\/?s={search_term_string}"},"query-input":{"@type":"PropertyValueSpecification","valueRequired":true,"valueName":"search_term_string"}}],"inLanguage":"en-GB"},{"@type":"Organization","@id":"https:\/\/www.dhenne-avocats.fr\/#organization","name":"Dhenne Avocats","alternateName":"dhenne avocats","url":"https:\/\/www.dhenne-avocats.fr\/","logo":{"@type":"ImageObject","inLanguage":"en-GB","@id":"https:\/\/www.dhenne-avocats.fr\/#\/schema\/logo\/image\/","url":"https:\/\/www.dhenne-avocats.fr\/wp-content\/uploads\/2024\/03\/cropped-DhenneAvocats_Favicon_RVB_FullColor-1.png","contentUrl":"https:\/\/www.dhenne-avocats.fr\/wp-content\/uploads\/2024\/03\/cropped-DhenneAvocats_Favicon_RVB_FullColor-1.png","width":512,"height":512,"caption":"Dhenne Avocats"},"image":{"@id":"https:\/\/www.dhenne-avocats.fr\/#\/schema\/logo\/image\/"}},{"@type":"Person","@id":"https:\/\/www.dhenne-avocats.fr\/#\/schema\/person\/5a7426c68f341a547a6d8e49fe07cea7","name":"eajvi7G6Zv5P9","image":{"@type":"ImageObject","inLanguage":"en-GB","@id":"https:\/\/www.dhenne-avocats.fr\/#\/schema\/person\/image\/","url":"https:\/\/secure.gravatar.com\/avatar\/faaaaacf01055ee63a78e37c3014f990f3235015c2bdef148e716a6a8e39a842?s=96&d=mm&r=g","contentUrl":"https:\/\/secure.gravatar.com\/avatar\/faaaaacf01055ee63a78e37c3014f990f3235015c2bdef148e716a6a8e39a842?s=96&d=mm&r=g","caption":"eajvi7G6Zv5P9"},"sameAs":["https:\/\/www.dhenne-avocats.fr"]}]}},"_links":{"self":[{"href":"https:\/\/www.dhenne-avocats.fr\/en\/wp-json\/wp\/v2\/posts\/7933","targetHints":{"allow":["GET"]}}],"collection":[{"href":"https:\/\/www.dhenne-avocats.fr\/en\/wp-json\/wp\/v2\/posts"}],"about":[{"href":"https:\/\/www.dhenne-avocats.fr\/en\/wp-json\/wp\/v2\/types\/post"}],"author":[{"embeddable":true,"href":"https:\/\/www.dhenne-avocats.fr\/en\/wp-json\/wp\/v2\/users\/5"}],"replies":[{"embeddable":true,"href":"https:\/\/www.dhenne-avocats.fr\/en\/wp-json\/wp\/v2\/comments?post=7933"}],"version-history":[{"count":0,"href":"https:\/\/www.dhenne-avocats.fr\/en\/wp-json\/wp\/v2\/posts\/7933\/revisions"}],"wp:featuredmedia":[{"embeddable":true,"href":"https:\/\/www.dhenne-avocats.fr\/en\/wp-json\/wp\/v2\/media\/7866"}],"wp:attachment":[{"href":"https:\/\/www.dhenne-avocats.fr\/en\/wp-json\/wp\/v2\/media?parent=7933"}],"wp:term":[{"taxonomy":"category","embeddable":true,"href":"https:\/\/www.dhenne-avocats.fr\/en\/wp-json\/wp\/v2\/categories?post=7933"},{"taxonomy":"post_tag","embeddable":true,"href":"https:\/\/www.dhenne-avocats.fr\/en\/wp-json\/wp\/v2\/tags?post=7933"}],"curies":[{"name":"wp","href":"https:\/\/api.w.org\/{rel}","templated":true}]}}