{"id":7932,"date":"2018-12-27T08:58:53","date_gmt":"2018-12-27T08:58:53","guid":{"rendered":"https:\/\/www.dhenne-avocat.sea-dev-and-sun.fr\/2018\/12\/27\/le-projet-de-loi-pacte-quid-des-reformes-de-la-propriete-industrielle-2\/"},"modified":"2024-05-06T21:24:35","modified_gmt":"2024-05-06T21:24:35","slug":"the-pacte-bill-what-about-reforms-to-industrial-property-2","status":"publish","type":"post","link":"https:\/\/www.dhenne-avocats.fr\/en\/the-pacte-bill-what-about-reforms-to-industrial-property-2\/","title":{"rendered":"The PACTE bill: what about industrial property reforms?"},"content":{"rendered":"<p><em><strong>Le projet de loi PACTE comprend des r\u00e9formes de la propri\u00e9t\u00e9 industrielle. Les mesures envisag\u00e9es suscitent des d\u00e9bats au sein des milieux int\u00e9ress\u00e9s. Le projet de loi introduit trois r\u00e9formes du droit des brevets. L\u2019article 40 renforce le certificat d\u2019utilit\u00e9. L\u2019article 42 met en place une proc\u00e9dure d\u2019opposition \u00e0 l\u2019INPI dans le cadre de la d\u00e9livrance de brevets d\u2019invention fran\u00e7ais. L\u2019article 42 bis instaure un examen de la condition d\u2019activit\u00e9 inventive pour ces derniers.<\/strong><\/em><\/p>\n<p>S\u2019agissant du certificat d\u2019utilit\u00e9, le projet instaure une augmentation de sa dur\u00e9e de 6 ans \u00e0 10 ans ainsi que la possibilit\u00e9 d\u2019une conversion de la demande de certificat en demande de brevet dans un d\u00e9lai et une proc\u00e9dure fix\u00e9s par d\u00e9cret. Il s\u2019agit de faciliter l\u2019acc\u00e8s \u00e0 la propri\u00e9t\u00e9 industrielle en renfor\u00e7ant un titre aux co\u00fbts faibles et destin\u00e9s \u00e0 des r\u00e9alisations qui n\u2019exigent pas de protection au-del\u00e0 du territoire fran\u00e7ais.<\/p>\n<p>Ces motifs fondent aussi la cr\u00e9ation d\u2019une proc\u00e9dure d\u2019opposition devant l\u2019INPI pour laquelle les parlementaires ont mis en avant le frein \u00e9conomique que peut constituer pour les PME l\u2019obligation de passer par la voie contentieuse pour demander l\u2019annulation d\u2019un brevet. La proc\u00e9dure devant l\u2019INPI \u00e9tant jug\u00e9 plus simple et moins couteuse, par cons\u00e9quent favorable aux PME. La mise en place d\u2019un examen de l\u2019activit\u00e9 inventive au stade de la proc\u00e9dure de d\u00e9livrance vise \u00e0 accroitre la qualit\u00e9 du brevet fran\u00e7ais.<\/p>\n<p>C\u2019est plus particuli\u00e8rement la mesure relative \u00e0 l\u2019examen de l\u2019activit\u00e9 inventive qui suscite des d\u00e9bats au sein des milieux int\u00e9ress\u00e9s. D\u2019abord, il n\u2019est pas certain que la mesure cadre avec les objectifs de la loi PACTE, parce que la d\u00e9livrance de brevets reviendra plus ch\u00e8re, ce qui sera un frein pour les PME. Sur ce point, rien ne permet de consid\u00e9rer que les modifications apport\u00e9es au certificat d\u2019utilit\u00e9 seront suffisantes pour attirer les op\u00e9rateurs \u00e9conomiques les plus fragiles.<\/p>\n<p>Ensuite, le financement de la mesure laisse dubitatif, notamment parce que la Cour des comptes a d\u00e9clar\u00e9 en 2014 que cette mesure n\u2019\u00e9tait pas envisageable, car trop ch\u00e8re, alors que les travaux parlementaires de la loi PACTE \u00e9voquent une r\u00e9forme \u00e0 effectif constant. Il ne servirait en tout cas \u00e0 rien de r\u00e9former si les pouvoirs publics ne sont pas pr\u00eats \u00e0 assumer le co\u00fbt de cette mesure, sauf \u00e0 souhaiter mettre en place un syst\u00e8me plus cher pour le d\u00e9posant et moins efficace par manque de moyens, sans former les examinateurs ni recruter de nouveaux examinateurs.<\/p>\n<p>En d\u2019autres termes, sauf \u00e0 faire preuve d\u2019une volont\u00e9 politique et financi\u00e8re \u00e0 la hauteur de l\u2019ambition affich\u00e9e, le risque est d\u2019aboutir \u00e0 la d\u00e9livrance de titres de faible qualit\u00e9 pour un prix plus \u00e9lev\u00e9\u00a0pour tous.<\/p>\n<p>Enfin, la mani\u00e8re dont cette r\u00e9forme relative \u00e0 l\u2019examen de l\u2019activit\u00e9 inventive au stade de la proc\u00e9dure de d\u00e9livrance a \u00e9t\u00e9 introduite surprend\u00a0: s\u2019agissant d\u2019un amendement il n\u2019est pr\u00e9c\u00e9d\u00e9 d\u2019aucune \u00e9tude d\u2019impact et n\u2019a pas fait l\u2019objet de consultation de l\u2019ensemble des milieux int\u00e9ress\u00e9s. Les d\u00e9bats actuels prouvent pourtant qu\u2019ils sont pour le moins partag\u00e9s sur la question.<\/p>\n<p>Finalement, la question soulev\u00e9e est celle de la pertinence d\u2019une mise en concurrence du brevet fran\u00e7ais avec le brevet europ\u00e9en. Si aujourd\u2019hui l\u2019int\u00e9r\u00eat d\u2019une telle mise en concurrence para\u00eet discutable, l\u2019entr\u00e9e en vigueur de la future Juridiction Unifi\u00e9e des Brevets (JUB) pourrait justifier le renforcement du brevet fran\u00e7ais, notamment lorsqu\u2019il ne sera plus possible de d\u00e9roger \u00e0 la comp\u00e9tence exclusive de la JUB pour des contentieux impliquant des brevets europ\u00e9ens sans effet unitaire.<\/p>\n<p>Comme le co\u00fbt d\u2019un contentieux sera vraisemblablement plus on\u00e9reux devant la JUB, il sera alors certainement int\u00e9ressant de d\u00e9fendre son droit devant le juge fran\u00e7ais pour un co\u00fbt moindre. Cette perspective exigerait cependant de supprimer au pr\u00e9alable l\u2019impossibilit\u00e9 de d\u00e9signer directement la France dans les demandes internationales selon le trait\u00e9 de coop\u00e9ration en mati\u00e8re de brevets (PCT), sachant qu\u2019\u00e0 l\u2019heure actuelle la d\u00e9signation de la France suppose le passage par la voie europ\u00e9enne.<\/p>","protected":false},"excerpt":{"rendered":"<p>Le projet de loi PACTE comprend des r\u00e9formes de la propri\u00e9t\u00e9 industrielle. Les mesures envisag\u00e9es suscitent des d\u00e9bats au sein des milieux int\u00e9ress\u00e9s. Le projet de loi introduit trois r\u00e9formes du droit des brevets. L\u2019article 40 renforce le certificat d\u2019utilit\u00e9. L\u2019article 42 met en place une proc\u00e9dure d\u2019opposition \u00e0 l\u2019INPI dans le cadre de la [&hellip;]<\/p>","protected":false},"author":5,"featured_media":7931,"comment_status":"closed","ping_status":"closed","sticky":false,"template":"","format":"standard","meta":{"_acf_changed":false,"footnotes":""},"categories":[16],"tags":[],"class_list":["post-7932","post","type-post","status-publish","format-standard","has-post-thumbnail","hentry","category-brevets"],"acf":[],"yoast_head":"<!-- This site is optimized with the Yoast SEO plugin v25.6 - https:\/\/yoast.com\/wordpress\/plugins\/seo\/ -->\n<title>Le projet de loi PACTE : quid des r\u00e9formes de la propri\u00e9t\u00e9 industrielle ? - Dhenne Avocats<\/title>\n<meta name=\"description\" content=\"Lisez l&#039;article : Le projet de loi PACTE : quid des r\u00e9formes de la propri\u00e9t\u00e9 industrielle ? du blog Dhenne Avocats\" \/>\n<meta name=\"robots\" content=\"index, follow, max-snippet:-1, max-image-preview:large, max-video-preview:-1\" \/>\n<link rel=\"canonical\" href=\"https:\/\/www.dhenne-avocats.fr\/en\/the-pacte-bill-what-about-reforms-to-industrial-property-2\/\" \/>\n<meta property=\"og:locale\" content=\"en_GB\" \/>\n<meta property=\"og:type\" content=\"article\" \/>\n<meta property=\"og:title\" content=\"Le projet de loi PACTE : quid des r\u00e9formes de la propri\u00e9t\u00e9 industrielle ? - Dhenne Avocats\" \/>\n<meta property=\"og:description\" content=\"Lisez l&#039;article : Le projet de loi PACTE : quid des r\u00e9formes de la propri\u00e9t\u00e9 industrielle ? du blog Dhenne Avocats\" \/>\n<meta property=\"og:url\" content=\"https:\/\/www.dhenne-avocats.fr\/en\/the-pacte-bill-what-about-reforms-to-industrial-property-2\/\" \/>\n<meta property=\"og:site_name\" content=\"Dhenne Avocats\" \/>\n<meta property=\"article:published_time\" content=\"2018-12-27T08:58:53+00:00\" \/>\n<meta property=\"article:modified_time\" content=\"2024-05-06T21:24:35+00:00\" \/>\n<meta property=\"og:image\" content=\"https:\/\/www.dhenne-avocats.fr\/wp-content\/uploads\/2024\/03\/Insurance-Law500-1.jpg\" \/>\n\t<meta property=\"og:image:width\" content=\"500\" \/>\n\t<meta property=\"og:image:height\" content=\"715\" \/>\n\t<meta property=\"og:image:type\" content=\"image\/jpeg\" \/>\n<meta name=\"author\" content=\"eajvi7G6Zv5P9\" \/>\n<meta name=\"twitter:card\" content=\"summary_large_image\" \/>\n<meta name=\"twitter:label1\" content=\"Written by\" \/>\n\t<meta name=\"twitter:data1\" content=\"eajvi7G6Zv5P9\" \/>\n\t<meta name=\"twitter:label2\" content=\"Estimated reading time\" \/>\n\t<meta name=\"twitter:data2\" content=\"4 minutes\" \/>\n<script type=\"application\/ld+json\" class=\"yoast-schema-graph\">{\"@context\":\"https:\/\/schema.org\",\"@graph\":[{\"@type\":\"Article\",\"@id\":\"https:\/\/www.dhenne-avocats.fr\/le-projet-de-loi-pacte-quid-des-reformes-de-la-propriete-industrielle-2\/#article\",\"isPartOf\":{\"@id\":\"https:\/\/www.dhenne-avocats.fr\/le-projet-de-loi-pacte-quid-des-reformes-de-la-propriete-industrielle-2\/\"},\"author\":{\"name\":\"eajvi7G6Zv5P9\",\"@id\":\"https:\/\/www.dhenne-avocats.fr\/#\/schema\/person\/5a7426c68f341a547a6d8e49fe07cea7\"},\"headline\":\"Le projet de loi PACTE : quid des r\u00e9formes de la propri\u00e9t\u00e9 industrielle ?\",\"datePublished\":\"2018-12-27T08:58:53+00:00\",\"dateModified\":\"2024-05-06T21:24:35+00:00\",\"mainEntityOfPage\":{\"@id\":\"https:\/\/www.dhenne-avocats.fr\/le-projet-de-loi-pacte-quid-des-reformes-de-la-propriete-industrielle-2\/\"},\"wordCount\":772,\"publisher\":{\"@id\":\"https:\/\/www.dhenne-avocats.fr\/#organization\"},\"image\":{\"@id\":\"https:\/\/www.dhenne-avocats.fr\/le-projet-de-loi-pacte-quid-des-reformes-de-la-propriete-industrielle-2\/#primaryimage\"},\"thumbnailUrl\":\"https:\/\/www.dhenne-avocats.fr\/wp-content\/uploads\/2024\/03\/Insurance-Law500-1.jpg\",\"articleSection\":[\"Brevets\"],\"inLanguage\":\"en-GB\"},{\"@type\":\"WebPage\",\"@id\":\"https:\/\/www.dhenne-avocats.fr\/le-projet-de-loi-pacte-quid-des-reformes-de-la-propriete-industrielle-2\/\",\"url\":\"https:\/\/www.dhenne-avocats.fr\/le-projet-de-loi-pacte-quid-des-reformes-de-la-propriete-industrielle-2\/\",\"name\":\"Le projet de loi PACTE : quid des r\u00e9formes de la propri\u00e9t\u00e9 industrielle ? - Dhenne Avocats\",\"isPartOf\":{\"@id\":\"https:\/\/www.dhenne-avocats.fr\/#website\"},\"primaryImageOfPage\":{\"@id\":\"https:\/\/www.dhenne-avocats.fr\/le-projet-de-loi-pacte-quid-des-reformes-de-la-propriete-industrielle-2\/#primaryimage\"},\"image\":{\"@id\":\"https:\/\/www.dhenne-avocats.fr\/le-projet-de-loi-pacte-quid-des-reformes-de-la-propriete-industrielle-2\/#primaryimage\"},\"thumbnailUrl\":\"https:\/\/www.dhenne-avocats.fr\/wp-content\/uploads\/2024\/03\/Insurance-Law500-1.jpg\",\"datePublished\":\"2018-12-27T08:58:53+00:00\",\"dateModified\":\"2024-05-06T21:24:35+00:00\",\"description\":\"Lisez l'article : Le projet de loi PACTE : quid des r\u00e9formes de la propri\u00e9t\u00e9 industrielle ? du blog Dhenne Avocats\",\"breadcrumb\":{\"@id\":\"https:\/\/www.dhenne-avocats.fr\/le-projet-de-loi-pacte-quid-des-reformes-de-la-propriete-industrielle-2\/#breadcrumb\"},\"inLanguage\":\"en-GB\",\"potentialAction\":[{\"@type\":\"ReadAction\",\"target\":[\"https:\/\/www.dhenne-avocats.fr\/le-projet-de-loi-pacte-quid-des-reformes-de-la-propriete-industrielle-2\/\"]}]},{\"@type\":\"ImageObject\",\"inLanguage\":\"en-GB\",\"@id\":\"https:\/\/www.dhenne-avocats.fr\/le-projet-de-loi-pacte-quid-des-reformes-de-la-propriete-industrielle-2\/#primaryimage\",\"url\":\"https:\/\/www.dhenne-avocats.fr\/wp-content\/uploads\/2024\/03\/Insurance-Law500-1.jpg\",\"contentUrl\":\"https:\/\/www.dhenne-avocats.fr\/wp-content\/uploads\/2024\/03\/Insurance-Law500-1.jpg\",\"width\":500,\"height\":715},{\"@type\":\"BreadcrumbList\",\"@id\":\"https:\/\/www.dhenne-avocats.fr\/le-projet-de-loi-pacte-quid-des-reformes-de-la-propriete-industrielle-2\/#breadcrumb\",\"itemListElement\":[{\"@type\":\"ListItem\",\"position\":1,\"name\":\"Accueil\",\"item\":\"https:\/\/www.dhenne-avocats.fr\/\"},{\"@type\":\"ListItem\",\"position\":2,\"name\":\"Le projet de loi PACTE : quid des r\u00e9formes de la propri\u00e9t\u00e9 industrielle ?\"}]},{\"@type\":\"WebSite\",\"@id\":\"https:\/\/www.dhenne-avocats.fr\/#website\",\"url\":\"https:\/\/www.dhenne-avocats.fr\/\",\"name\":\"Dhenne Avocats\",\"description\":\"Cabinet d&#039;avocats en droit des brevets\",\"publisher\":{\"@id\":\"https:\/\/www.dhenne-avocats.fr\/#organization\"},\"potentialAction\":[{\"@type\":\"SearchAction\",\"target\":{\"@type\":\"EntryPoint\",\"urlTemplate\":\"https:\/\/www.dhenne-avocats.fr\/?s={search_term_string}\"},\"query-input\":{\"@type\":\"PropertyValueSpecification\",\"valueRequired\":true,\"valueName\":\"search_term_string\"}}],\"inLanguage\":\"en-GB\"},{\"@type\":\"Organization\",\"@id\":\"https:\/\/www.dhenne-avocats.fr\/#organization\",\"name\":\"Dhenne Avocats\",\"alternateName\":\"dhenne avocats\",\"url\":\"https:\/\/www.dhenne-avocats.fr\/\",\"logo\":{\"@type\":\"ImageObject\",\"inLanguage\":\"en-GB\",\"@id\":\"https:\/\/www.dhenne-avocats.fr\/#\/schema\/logo\/image\/\",\"url\":\"https:\/\/www.dhenne-avocats.fr\/wp-content\/uploads\/2024\/03\/cropped-DhenneAvocats_Favicon_RVB_FullColor-1.png\",\"contentUrl\":\"https:\/\/www.dhenne-avocats.fr\/wp-content\/uploads\/2024\/03\/cropped-DhenneAvocats_Favicon_RVB_FullColor-1.png\",\"width\":512,\"height\":512,\"caption\":\"Dhenne Avocats\"},\"image\":{\"@id\":\"https:\/\/www.dhenne-avocats.fr\/#\/schema\/logo\/image\/\"}},{\"@type\":\"Person\",\"@id\":\"https:\/\/www.dhenne-avocats.fr\/#\/schema\/person\/5a7426c68f341a547a6d8e49fe07cea7\",\"name\":\"eajvi7G6Zv5P9\",\"image\":{\"@type\":\"ImageObject\",\"inLanguage\":\"en-GB\",\"@id\":\"https:\/\/www.dhenne-avocats.fr\/#\/schema\/person\/image\/\",\"url\":\"https:\/\/secure.gravatar.com\/avatar\/faaaaacf01055ee63a78e37c3014f990f3235015c2bdef148e716a6a8e39a842?s=96&d=mm&r=g\",\"contentUrl\":\"https:\/\/secure.gravatar.com\/avatar\/faaaaacf01055ee63a78e37c3014f990f3235015c2bdef148e716a6a8e39a842?s=96&d=mm&r=g\",\"caption\":\"eajvi7G6Zv5P9\"},\"sameAs\":[\"https:\/\/www.dhenne-avocats.fr\"]}]}<\/script>\n<!-- \/ Yoast SEO plugin. -->","yoast_head_json":{"title":"Le projet de loi PACTE : quid des r\u00e9formes de la propri\u00e9t\u00e9 industrielle ? - Dhenne Avocats","description":"Lisez l'article : Le projet de loi PACTE : quid des r\u00e9formes de la propri\u00e9t\u00e9 industrielle ? du blog Dhenne Avocats","robots":{"index":"index","follow":"follow","max-snippet":"max-snippet:-1","max-image-preview":"max-image-preview:large","max-video-preview":"max-video-preview:-1"},"canonical":"https:\/\/www.dhenne-avocats.fr\/en\/the-pacte-bill-what-about-reforms-to-industrial-property-2\/","og_locale":"en_GB","og_type":"article","og_title":"Le projet de loi PACTE : quid des r\u00e9formes de la propri\u00e9t\u00e9 industrielle ? - Dhenne Avocats","og_description":"Lisez l'article : Le projet de loi PACTE : quid des r\u00e9formes de la propri\u00e9t\u00e9 industrielle ? du blog Dhenne Avocats","og_url":"https:\/\/www.dhenne-avocats.fr\/en\/the-pacte-bill-what-about-reforms-to-industrial-property-2\/","og_site_name":"Dhenne Avocats","article_published_time":"2018-12-27T08:58:53+00:00","article_modified_time":"2024-05-06T21:24:35+00:00","og_image":[{"width":500,"height":715,"url":"https:\/\/www.dhenne-avocats.fr\/wp-content\/uploads\/2024\/03\/Insurance-Law500-1.jpg","type":"image\/jpeg"}],"author":"eajvi7G6Zv5P9","twitter_card":"summary_large_image","twitter_misc":{"Written by":"eajvi7G6Zv5P9","Estimated reading time":"4 minutes"},"schema":{"@context":"https:\/\/schema.org","@graph":[{"@type":"Article","@id":"https:\/\/www.dhenne-avocats.fr\/le-projet-de-loi-pacte-quid-des-reformes-de-la-propriete-industrielle-2\/#article","isPartOf":{"@id":"https:\/\/www.dhenne-avocats.fr\/le-projet-de-loi-pacte-quid-des-reformes-de-la-propriete-industrielle-2\/"},"author":{"name":"eajvi7G6Zv5P9","@id":"https:\/\/www.dhenne-avocats.fr\/#\/schema\/person\/5a7426c68f341a547a6d8e49fe07cea7"},"headline":"Le projet de loi PACTE : quid des r\u00e9formes de la propri\u00e9t\u00e9 industrielle ?","datePublished":"2018-12-27T08:58:53+00:00","dateModified":"2024-05-06T21:24:35+00:00","mainEntityOfPage":{"@id":"https:\/\/www.dhenne-avocats.fr\/le-projet-de-loi-pacte-quid-des-reformes-de-la-propriete-industrielle-2\/"},"wordCount":772,"publisher":{"@id":"https:\/\/www.dhenne-avocats.fr\/#organization"},"image":{"@id":"https:\/\/www.dhenne-avocats.fr\/le-projet-de-loi-pacte-quid-des-reformes-de-la-propriete-industrielle-2\/#primaryimage"},"thumbnailUrl":"https:\/\/www.dhenne-avocats.fr\/wp-content\/uploads\/2024\/03\/Insurance-Law500-1.jpg","articleSection":["Brevets"],"inLanguage":"en-GB"},{"@type":"WebPage","@id":"https:\/\/www.dhenne-avocats.fr\/le-projet-de-loi-pacte-quid-des-reformes-de-la-propriete-industrielle-2\/","url":"https:\/\/www.dhenne-avocats.fr\/le-projet-de-loi-pacte-quid-des-reformes-de-la-propriete-industrielle-2\/","name":"Le projet de loi PACTE : quid des r\u00e9formes de la propri\u00e9t\u00e9 industrielle ? - Dhenne Avocats","isPartOf":{"@id":"https:\/\/www.dhenne-avocats.fr\/#website"},"primaryImageOfPage":{"@id":"https:\/\/www.dhenne-avocats.fr\/le-projet-de-loi-pacte-quid-des-reformes-de-la-propriete-industrielle-2\/#primaryimage"},"image":{"@id":"https:\/\/www.dhenne-avocats.fr\/le-projet-de-loi-pacte-quid-des-reformes-de-la-propriete-industrielle-2\/#primaryimage"},"thumbnailUrl":"https:\/\/www.dhenne-avocats.fr\/wp-content\/uploads\/2024\/03\/Insurance-Law500-1.jpg","datePublished":"2018-12-27T08:58:53+00:00","dateModified":"2024-05-06T21:24:35+00:00","description":"Lisez l'article : Le projet de loi PACTE : quid des r\u00e9formes de la propri\u00e9t\u00e9 industrielle ? du blog Dhenne Avocats","breadcrumb":{"@id":"https:\/\/www.dhenne-avocats.fr\/le-projet-de-loi-pacte-quid-des-reformes-de-la-propriete-industrielle-2\/#breadcrumb"},"inLanguage":"en-GB","potentialAction":[{"@type":"ReadAction","target":["https:\/\/www.dhenne-avocats.fr\/le-projet-de-loi-pacte-quid-des-reformes-de-la-propriete-industrielle-2\/"]}]},{"@type":"ImageObject","inLanguage":"en-GB","@id":"https:\/\/www.dhenne-avocats.fr\/le-projet-de-loi-pacte-quid-des-reformes-de-la-propriete-industrielle-2\/#primaryimage","url":"https:\/\/www.dhenne-avocats.fr\/wp-content\/uploads\/2024\/03\/Insurance-Law500-1.jpg","contentUrl":"https:\/\/www.dhenne-avocats.fr\/wp-content\/uploads\/2024\/03\/Insurance-Law500-1.jpg","width":500,"height":715},{"@type":"BreadcrumbList","@id":"https:\/\/www.dhenne-avocats.fr\/le-projet-de-loi-pacte-quid-des-reformes-de-la-propriete-industrielle-2\/#breadcrumb","itemListElement":[{"@type":"ListItem","position":1,"name":"Accueil","item":"https:\/\/www.dhenne-avocats.fr\/"},{"@type":"ListItem","position":2,"name":"Le projet de loi PACTE : quid des r\u00e9formes de la propri\u00e9t\u00e9 industrielle ?"}]},{"@type":"WebSite","@id":"https:\/\/www.dhenne-avocats.fr\/#website","url":"https:\/\/www.dhenne-avocats.fr\/","name":"Dhenne Avocats","description":"Cabinet d&#039;avocats en droit des brevets","publisher":{"@id":"https:\/\/www.dhenne-avocats.fr\/#organization"},"potentialAction":[{"@type":"SearchAction","target":{"@type":"EntryPoint","urlTemplate":"https:\/\/www.dhenne-avocats.fr\/?s={search_term_string}"},"query-input":{"@type":"PropertyValueSpecification","valueRequired":true,"valueName":"search_term_string"}}],"inLanguage":"en-GB"},{"@type":"Organization","@id":"https:\/\/www.dhenne-avocats.fr\/#organization","name":"Dhenne Avocats","alternateName":"dhenne avocats","url":"https:\/\/www.dhenne-avocats.fr\/","logo":{"@type":"ImageObject","inLanguage":"en-GB","@id":"https:\/\/www.dhenne-avocats.fr\/#\/schema\/logo\/image\/","url":"https:\/\/www.dhenne-avocats.fr\/wp-content\/uploads\/2024\/03\/cropped-DhenneAvocats_Favicon_RVB_FullColor-1.png","contentUrl":"https:\/\/www.dhenne-avocats.fr\/wp-content\/uploads\/2024\/03\/cropped-DhenneAvocats_Favicon_RVB_FullColor-1.png","width":512,"height":512,"caption":"Dhenne Avocats"},"image":{"@id":"https:\/\/www.dhenne-avocats.fr\/#\/schema\/logo\/image\/"}},{"@type":"Person","@id":"https:\/\/www.dhenne-avocats.fr\/#\/schema\/person\/5a7426c68f341a547a6d8e49fe07cea7","name":"eajvi7G6Zv5P9","image":{"@type":"ImageObject","inLanguage":"en-GB","@id":"https:\/\/www.dhenne-avocats.fr\/#\/schema\/person\/image\/","url":"https:\/\/secure.gravatar.com\/avatar\/faaaaacf01055ee63a78e37c3014f990f3235015c2bdef148e716a6a8e39a842?s=96&d=mm&r=g","contentUrl":"https:\/\/secure.gravatar.com\/avatar\/faaaaacf01055ee63a78e37c3014f990f3235015c2bdef148e716a6a8e39a842?s=96&d=mm&r=g","caption":"eajvi7G6Zv5P9"},"sameAs":["https:\/\/www.dhenne-avocats.fr"]}]}},"_links":{"self":[{"href":"https:\/\/www.dhenne-avocats.fr\/en\/wp-json\/wp\/v2\/posts\/7932","targetHints":{"allow":["GET"]}}],"collection":[{"href":"https:\/\/www.dhenne-avocats.fr\/en\/wp-json\/wp\/v2\/posts"}],"about":[{"href":"https:\/\/www.dhenne-avocats.fr\/en\/wp-json\/wp\/v2\/types\/post"}],"author":[{"embeddable":true,"href":"https:\/\/www.dhenne-avocats.fr\/en\/wp-json\/wp\/v2\/users\/5"}],"replies":[{"embeddable":true,"href":"https:\/\/www.dhenne-avocats.fr\/en\/wp-json\/wp\/v2\/comments?post=7932"}],"version-history":[{"count":0,"href":"https:\/\/www.dhenne-avocats.fr\/en\/wp-json\/wp\/v2\/posts\/7932\/revisions"}],"wp:featuredmedia":[{"embeddable":true,"href":"https:\/\/www.dhenne-avocats.fr\/en\/wp-json\/wp\/v2\/media\/7931"}],"wp:attachment":[{"href":"https:\/\/www.dhenne-avocats.fr\/en\/wp-json\/wp\/v2\/media?parent=7932"}],"wp:term":[{"taxonomy":"category","embeddable":true,"href":"https:\/\/www.dhenne-avocats.fr\/en\/wp-json\/wp\/v2\/categories?post=7932"},{"taxonomy":"post_tag","embeddable":true,"href":"https:\/\/www.dhenne-avocats.fr\/en\/wp-json\/wp\/v2\/tags?post=7932"}],"curies":[{"name":"wp","href":"https:\/\/api.w.org\/{rel}","templated":true}]}}