{"id":7897,"date":"2022-05-12T16:53:24","date_gmt":"2022-05-12T16:53:24","guid":{"rendered":"https:\/\/www.dhenne-avocat.sea-dev-and-sun.fr\/2022\/05\/12\/breaking-news-dhenne-avocats-dans-la-presse-specialisee\/"},"modified":"2025-02-27T18:48:52","modified_gmt":"2025-02-27T18:48:52","slug":"dhenne-avocats-in-the-specialist-press","status":"publish","type":"post","link":"https:\/\/www.dhenne-avocats.fr\/en\/dhenne-avocats-in-the-specialist-press\/","title":{"rendered":"Dhenne Avocats d\u00e9fend Salveco"},"content":{"rendered":"<p>Dhenne Avocats est \u00e9voqu\u00e9 par Juve Patents (<a href=\"https:\/\/www.juve-patent.com\/cases\/salveco-and-dhenne-avocats-fight-competitors-over-ecological-detergent-patents\/\">Salveco and Dhenne Avocats fight competitors over ecological detergent patents<\/a>), pour sa repr\u00e9sentation de la soci\u00e9t\u00e9 <a href=\"https:\/\/www.salveco.fr\">Salveco<\/a>, acteur dans la chimie v\u00e9g\u00e9tale et sp\u00e9cialiste de la d\u00e9sinfection, dans son action en contrefa\u00e7on de deux de ses brevets et de vol de savoir-faire (relatifs \u00e0 des formules de produits d\u00e9sinfectants biod\u00e9gradables) devant le Tribunal judiciaire de Paris.<\/p>\n<p>L&rsquo;action vise de nombreux acteurs du march\u00e9 (<a href=\"https:\/\/www.henkel.fr\/\">Henkel<\/a>, <a href=\"https:\/\/www.lebriochin.com\/?srsltid=AfmBOorM0dPgucde68MAFstDxv5DOWxQ93E_SCkyW0pTbLdZPzciqVH2\">Briochin<\/a>, <a href=\"https:\/\/www.scienceetnature.fr\/\">Laboratoire Science et Nature<\/a>, <a href=\"https:\/\/www.hydrachim.fr\/\">Hydrachim<\/a> et <a href=\"https:\/\/www.hygiene-et-nature.com\/\">Hygi\u00e8ne et Nature<\/a>. ),<\/p>\n<p>En parall\u00e8le, trois des parties adverses ont form\u00e9 des recours contre les <a href=\"https:\/\/www.dhenne-avocats.fr\/en\/lexique-propriete-industrielle\/infringement-seizure\/\"><strong>saisies-contrefa\u00e7ons<\/strong><\/a> r\u00e9alis\u00e9es dans leurs locaux et \u00e0 l&rsquo;<a href=\"https:\/\/www.anses.fr\/fr\">ANSES<\/a> (6 saisies ont en tout \u00e9t\u00e9 ex\u00e9cut\u00e9es).<\/p>\n<p>&nbsp;<\/p>","protected":false},"excerpt":{"rendered":"<p>Dhenne Avocats est \u00e9voqu\u00e9 par Juve Patents (Salveco and Dhenne Avocats fight competitors over ecological detergent patents), pour sa repr\u00e9sentation de la soci\u00e9t\u00e9 Salveco, acteur dans la chimie v\u00e9g\u00e9tale et sp\u00e9cialiste de la d\u00e9sinfection, dans son action en contrefa\u00e7on de deux de ses brevets et de vol de savoir-faire (relatifs \u00e0 des formules de produits [&hellip;]<\/p>","protected":false},"author":5,"featured_media":7898,"comment_status":"closed","ping_status":"closed","sticky":false,"template":"","format":"standard","meta":{"_acf_changed":false,"footnotes":""},"categories":[42,41,16,17,18,39,14,38,15],"tags":[],"class_list":["post-7897","post","type-post","status-publish","format-standard","has-post-thumbnail","hentry","category-action-en-contrefacon-de-brevet","category-action-en-interdiction-provisoire","category-brevets","category-chimie","category-contentieux","category-medias","category-saisie-contrefacon","category-savoir-faire","category-secret-des-affaires"],"acf":[],"yoast_head":"<!-- This site is optimized with the Yoast SEO plugin v25.6 - https:\/\/yoast.com\/wordpress\/plugins\/seo\/ -->\n<title>Dhenne Avocats d\u00e9fend Salveco - Dhenne Avocats<\/title>\n<meta name=\"description\" content=\"Lisez l&#039;article : Dhenne Avocats d\u00e9fend Salveco du blog Dhenne Avocats\" \/>\n<meta name=\"robots\" content=\"index, follow, max-snippet:-1, max-image-preview:large, max-video-preview:-1\" \/>\n<link rel=\"canonical\" href=\"https:\/\/www.dhenne-avocats.fr\/en\/dhenne-avocats-in-the-specialist-press\/\" \/>\n<meta property=\"og:locale\" content=\"en_GB\" \/>\n<meta property=\"og:type\" content=\"article\" \/>\n<meta property=\"og:title\" content=\"Dhenne Avocats d\u00e9fend Salveco - Dhenne Avocats\" \/>\n<meta property=\"og:description\" content=\"Lisez l&#039;article : Dhenne Avocats d\u00e9fend Salveco du blog Dhenne Avocats\" \/>\n<meta property=\"og:url\" content=\"https:\/\/www.dhenne-avocats.fr\/en\/dhenne-avocats-in-the-specialist-press\/\" \/>\n<meta property=\"og:site_name\" content=\"Dhenne Avocats\" \/>\n<meta property=\"article:published_time\" content=\"2022-05-12T16:53:24+00:00\" \/>\n<meta property=\"article:modified_time\" content=\"2025-02-27T18:48:52+00:00\" \/>\n<meta property=\"og:image\" content=\"https:\/\/www.dhenne-avocats.fr\/wp-content\/uploads\/2024\/03\/AdobeStock_142059861-scaled-2.jpeg\" \/>\n\t<meta property=\"og:image:width\" content=\"2560\" \/>\n\t<meta property=\"og:image:height\" content=\"1709\" \/>\n\t<meta property=\"og:image:type\" content=\"image\/jpeg\" \/>\n<meta name=\"author\" content=\"eajvi7G6Zv5P9\" \/>\n<meta name=\"twitter:card\" content=\"summary_large_image\" \/>\n<meta name=\"twitter:label1\" content=\"Written by\" \/>\n\t<meta name=\"twitter:data1\" content=\"eajvi7G6Zv5P9\" \/>\n\t<meta name=\"twitter:label2\" content=\"Estimated reading time\" \/>\n\t<meta name=\"twitter:data2\" content=\"2 minutes\" \/>\n<script type=\"application\/ld+json\" class=\"yoast-schema-graph\">{\"@context\":\"https:\/\/schema.org\",\"@graph\":[{\"@type\":\"Article\",\"@id\":\"https:\/\/www.dhenne-avocats.fr\/breaking-news-dhenne-avocats-dans-la-presse-specialisee\/#article\",\"isPartOf\":{\"@id\":\"https:\/\/www.dhenne-avocats.fr\/breaking-news-dhenne-avocats-dans-la-presse-specialisee\/\"},\"author\":{\"name\":\"eajvi7G6Zv5P9\",\"@id\":\"https:\/\/www.dhenne-avocats.fr\/#\/schema\/person\/5a7426c68f341a547a6d8e49fe07cea7\"},\"headline\":\"Dhenne Avocats d\u00e9fend Salveco\",\"datePublished\":\"2022-05-12T16:53:24+00:00\",\"dateModified\":\"2025-02-27T18:48:52+00:00\",\"mainEntityOfPage\":{\"@id\":\"https:\/\/www.dhenne-avocats.fr\/breaking-news-dhenne-avocats-dans-la-presse-specialisee\/\"},\"wordCount\":129,\"publisher\":{\"@id\":\"https:\/\/www.dhenne-avocats.fr\/#organization\"},\"image\":{\"@id\":\"https:\/\/www.dhenne-avocats.fr\/breaking-news-dhenne-avocats-dans-la-presse-specialisee\/#primaryimage\"},\"thumbnailUrl\":\"https:\/\/www.dhenne-avocats.fr\/wp-content\/uploads\/2024\/03\/AdobeStock_142059861-scaled-2.jpeg\",\"articleSection\":[\"Action en contrefa\u00e7on de brevet\",\"Action en interdiction provisoire\",\"Brevets\",\"Chimie\",\"Contentieux\",\"M\u00e9dias\",\"Saisie-contrefa\u00e7on\",\"Savoir-faire\",\"Secret des affaires\"],\"inLanguage\":\"en-GB\"},{\"@type\":\"WebPage\",\"@id\":\"https:\/\/www.dhenne-avocats.fr\/breaking-news-dhenne-avocats-dans-la-presse-specialisee\/\",\"url\":\"https:\/\/www.dhenne-avocats.fr\/breaking-news-dhenne-avocats-dans-la-presse-specialisee\/\",\"name\":\"Dhenne Avocats d\u00e9fend Salveco - Dhenne Avocats\",\"isPartOf\":{\"@id\":\"https:\/\/www.dhenne-avocats.fr\/#website\"},\"primaryImageOfPage\":{\"@id\":\"https:\/\/www.dhenne-avocats.fr\/breaking-news-dhenne-avocats-dans-la-presse-specialisee\/#primaryimage\"},\"image\":{\"@id\":\"https:\/\/www.dhenne-avocats.fr\/breaking-news-dhenne-avocats-dans-la-presse-specialisee\/#primaryimage\"},\"thumbnailUrl\":\"https:\/\/www.dhenne-avocats.fr\/wp-content\/uploads\/2024\/03\/AdobeStock_142059861-scaled-2.jpeg\",\"datePublished\":\"2022-05-12T16:53:24+00:00\",\"dateModified\":\"2025-02-27T18:48:52+00:00\",\"description\":\"Lisez l'article : Dhenne Avocats d\u00e9fend Salveco du blog Dhenne Avocats\",\"breadcrumb\":{\"@id\":\"https:\/\/www.dhenne-avocats.fr\/breaking-news-dhenne-avocats-dans-la-presse-specialisee\/#breadcrumb\"},\"inLanguage\":\"en-GB\",\"potentialAction\":[{\"@type\":\"ReadAction\",\"target\":[\"https:\/\/www.dhenne-avocats.fr\/breaking-news-dhenne-avocats-dans-la-presse-specialisee\/\"]}]},{\"@type\":\"ImageObject\",\"inLanguage\":\"en-GB\",\"@id\":\"https:\/\/www.dhenne-avocats.fr\/breaking-news-dhenne-avocats-dans-la-presse-specialisee\/#primaryimage\",\"url\":\"https:\/\/www.dhenne-avocats.fr\/wp-content\/uploads\/2024\/03\/AdobeStock_142059861-scaled-2.jpeg\",\"contentUrl\":\"https:\/\/www.dhenne-avocats.fr\/wp-content\/uploads\/2024\/03\/AdobeStock_142059861-scaled-2.jpeg\",\"width\":2560,\"height\":1709},{\"@type\":\"BreadcrumbList\",\"@id\":\"https:\/\/www.dhenne-avocats.fr\/breaking-news-dhenne-avocats-dans-la-presse-specialisee\/#breadcrumb\",\"itemListElement\":[{\"@type\":\"ListItem\",\"position\":1,\"name\":\"Accueil\",\"item\":\"https:\/\/www.dhenne-avocats.fr\/\"},{\"@type\":\"ListItem\",\"position\":2,\"name\":\"Dhenne Avocats d\u00e9fend Salveco\"}]},{\"@type\":\"WebSite\",\"@id\":\"https:\/\/www.dhenne-avocats.fr\/#website\",\"url\":\"https:\/\/www.dhenne-avocats.fr\/\",\"name\":\"Dhenne Avocats\",\"description\":\"Cabinet d&#039;avocats en droit des brevets\",\"publisher\":{\"@id\":\"https:\/\/www.dhenne-avocats.fr\/#organization\"},\"potentialAction\":[{\"@type\":\"SearchAction\",\"target\":{\"@type\":\"EntryPoint\",\"urlTemplate\":\"https:\/\/www.dhenne-avocats.fr\/?s={search_term_string}\"},\"query-input\":{\"@type\":\"PropertyValueSpecification\",\"valueRequired\":true,\"valueName\":\"search_term_string\"}}],\"inLanguage\":\"en-GB\"},{\"@type\":\"Organization\",\"@id\":\"https:\/\/www.dhenne-avocats.fr\/#organization\",\"name\":\"Dhenne Avocats\",\"alternateName\":\"dhenne avocats\",\"url\":\"https:\/\/www.dhenne-avocats.fr\/\",\"logo\":{\"@type\":\"ImageObject\",\"inLanguage\":\"en-GB\",\"@id\":\"https:\/\/www.dhenne-avocats.fr\/#\/schema\/logo\/image\/\",\"url\":\"https:\/\/www.dhenne-avocats.fr\/wp-content\/uploads\/2024\/03\/cropped-DhenneAvocats_Favicon_RVB_FullColor-1.png\",\"contentUrl\":\"https:\/\/www.dhenne-avocats.fr\/wp-content\/uploads\/2024\/03\/cropped-DhenneAvocats_Favicon_RVB_FullColor-1.png\",\"width\":512,\"height\":512,\"caption\":\"Dhenne Avocats\"},\"image\":{\"@id\":\"https:\/\/www.dhenne-avocats.fr\/#\/schema\/logo\/image\/\"}},{\"@type\":\"Person\",\"@id\":\"https:\/\/www.dhenne-avocats.fr\/#\/schema\/person\/5a7426c68f341a547a6d8e49fe07cea7\",\"name\":\"eajvi7G6Zv5P9\",\"image\":{\"@type\":\"ImageObject\",\"inLanguage\":\"en-GB\",\"@id\":\"https:\/\/www.dhenne-avocats.fr\/#\/schema\/person\/image\/\",\"url\":\"https:\/\/secure.gravatar.com\/avatar\/faaaaacf01055ee63a78e37c3014f990f3235015c2bdef148e716a6a8e39a842?s=96&d=mm&r=g\",\"contentUrl\":\"https:\/\/secure.gravatar.com\/avatar\/faaaaacf01055ee63a78e37c3014f990f3235015c2bdef148e716a6a8e39a842?s=96&d=mm&r=g\",\"caption\":\"eajvi7G6Zv5P9\"},\"sameAs\":[\"https:\/\/www.dhenne-avocats.fr\"]}]}<\/script>\n<!-- \/ Yoast SEO plugin. -->","yoast_head_json":{"title":"Dhenne Avocats d\u00e9fend Salveco - Dhenne Avocats","description":"Lisez l'article : Dhenne Avocats d\u00e9fend Salveco du blog Dhenne Avocats","robots":{"index":"index","follow":"follow","max-snippet":"max-snippet:-1","max-image-preview":"max-image-preview:large","max-video-preview":"max-video-preview:-1"},"canonical":"https:\/\/www.dhenne-avocats.fr\/en\/dhenne-avocats-in-the-specialist-press\/","og_locale":"en_GB","og_type":"article","og_title":"Dhenne Avocats d\u00e9fend Salveco - Dhenne Avocats","og_description":"Lisez l'article : Dhenne Avocats d\u00e9fend Salveco du blog Dhenne Avocats","og_url":"https:\/\/www.dhenne-avocats.fr\/en\/dhenne-avocats-in-the-specialist-press\/","og_site_name":"Dhenne Avocats","article_published_time":"2022-05-12T16:53:24+00:00","article_modified_time":"2025-02-27T18:48:52+00:00","og_image":[{"width":2560,"height":1709,"url":"https:\/\/www.dhenne-avocats.fr\/wp-content\/uploads\/2024\/03\/AdobeStock_142059861-scaled-2.jpeg","type":"image\/jpeg"}],"author":"eajvi7G6Zv5P9","twitter_card":"summary_large_image","twitter_misc":{"Written by":"eajvi7G6Zv5P9","Estimated reading time":"2 minutes"},"schema":{"@context":"https:\/\/schema.org","@graph":[{"@type":"Article","@id":"https:\/\/www.dhenne-avocats.fr\/breaking-news-dhenne-avocats-dans-la-presse-specialisee\/#article","isPartOf":{"@id":"https:\/\/www.dhenne-avocats.fr\/breaking-news-dhenne-avocats-dans-la-presse-specialisee\/"},"author":{"name":"eajvi7G6Zv5P9","@id":"https:\/\/www.dhenne-avocats.fr\/#\/schema\/person\/5a7426c68f341a547a6d8e49fe07cea7"},"headline":"Dhenne Avocats d\u00e9fend Salveco","datePublished":"2022-05-12T16:53:24+00:00","dateModified":"2025-02-27T18:48:52+00:00","mainEntityOfPage":{"@id":"https:\/\/www.dhenne-avocats.fr\/breaking-news-dhenne-avocats-dans-la-presse-specialisee\/"},"wordCount":129,"publisher":{"@id":"https:\/\/www.dhenne-avocats.fr\/#organization"},"image":{"@id":"https:\/\/www.dhenne-avocats.fr\/breaking-news-dhenne-avocats-dans-la-presse-specialisee\/#primaryimage"},"thumbnailUrl":"https:\/\/www.dhenne-avocats.fr\/wp-content\/uploads\/2024\/03\/AdobeStock_142059861-scaled-2.jpeg","articleSection":["Action en contrefa\u00e7on de brevet","Action en interdiction provisoire","Brevets","Chimie","Contentieux","M\u00e9dias","Saisie-contrefa\u00e7on","Savoir-faire","Secret des affaires"],"inLanguage":"en-GB"},{"@type":"WebPage","@id":"https:\/\/www.dhenne-avocats.fr\/breaking-news-dhenne-avocats-dans-la-presse-specialisee\/","url":"https:\/\/www.dhenne-avocats.fr\/breaking-news-dhenne-avocats-dans-la-presse-specialisee\/","name":"Dhenne Avocats d\u00e9fend Salveco - Dhenne Avocats","isPartOf":{"@id":"https:\/\/www.dhenne-avocats.fr\/#website"},"primaryImageOfPage":{"@id":"https:\/\/www.dhenne-avocats.fr\/breaking-news-dhenne-avocats-dans-la-presse-specialisee\/#primaryimage"},"image":{"@id":"https:\/\/www.dhenne-avocats.fr\/breaking-news-dhenne-avocats-dans-la-presse-specialisee\/#primaryimage"},"thumbnailUrl":"https:\/\/www.dhenne-avocats.fr\/wp-content\/uploads\/2024\/03\/AdobeStock_142059861-scaled-2.jpeg","datePublished":"2022-05-12T16:53:24+00:00","dateModified":"2025-02-27T18:48:52+00:00","description":"Lisez l'article : Dhenne Avocats d\u00e9fend Salveco du blog Dhenne Avocats","breadcrumb":{"@id":"https:\/\/www.dhenne-avocats.fr\/breaking-news-dhenne-avocats-dans-la-presse-specialisee\/#breadcrumb"},"inLanguage":"en-GB","potentialAction":[{"@type":"ReadAction","target":["https:\/\/www.dhenne-avocats.fr\/breaking-news-dhenne-avocats-dans-la-presse-specialisee\/"]}]},{"@type":"ImageObject","inLanguage":"en-GB","@id":"https:\/\/www.dhenne-avocats.fr\/breaking-news-dhenne-avocats-dans-la-presse-specialisee\/#primaryimage","url":"https:\/\/www.dhenne-avocats.fr\/wp-content\/uploads\/2024\/03\/AdobeStock_142059861-scaled-2.jpeg","contentUrl":"https:\/\/www.dhenne-avocats.fr\/wp-content\/uploads\/2024\/03\/AdobeStock_142059861-scaled-2.jpeg","width":2560,"height":1709},{"@type":"BreadcrumbList","@id":"https:\/\/www.dhenne-avocats.fr\/breaking-news-dhenne-avocats-dans-la-presse-specialisee\/#breadcrumb","itemListElement":[{"@type":"ListItem","position":1,"name":"Accueil","item":"https:\/\/www.dhenne-avocats.fr\/"},{"@type":"ListItem","position":2,"name":"Dhenne Avocats d\u00e9fend Salveco"}]},{"@type":"WebSite","@id":"https:\/\/www.dhenne-avocats.fr\/#website","url":"https:\/\/www.dhenne-avocats.fr\/","name":"Dhenne Avocats","description":"Cabinet d&#039;avocats en droit des brevets","publisher":{"@id":"https:\/\/www.dhenne-avocats.fr\/#organization"},"potentialAction":[{"@type":"SearchAction","target":{"@type":"EntryPoint","urlTemplate":"https:\/\/www.dhenne-avocats.fr\/?s={search_term_string}"},"query-input":{"@type":"PropertyValueSpecification","valueRequired":true,"valueName":"search_term_string"}}],"inLanguage":"en-GB"},{"@type":"Organization","@id":"https:\/\/www.dhenne-avocats.fr\/#organization","name":"Dhenne Avocats","alternateName":"dhenne avocats","url":"https:\/\/www.dhenne-avocats.fr\/","logo":{"@type":"ImageObject","inLanguage":"en-GB","@id":"https:\/\/www.dhenne-avocats.fr\/#\/schema\/logo\/image\/","url":"https:\/\/www.dhenne-avocats.fr\/wp-content\/uploads\/2024\/03\/cropped-DhenneAvocats_Favicon_RVB_FullColor-1.png","contentUrl":"https:\/\/www.dhenne-avocats.fr\/wp-content\/uploads\/2024\/03\/cropped-DhenneAvocats_Favicon_RVB_FullColor-1.png","width":512,"height":512,"caption":"Dhenne Avocats"},"image":{"@id":"https:\/\/www.dhenne-avocats.fr\/#\/schema\/logo\/image\/"}},{"@type":"Person","@id":"https:\/\/www.dhenne-avocats.fr\/#\/schema\/person\/5a7426c68f341a547a6d8e49fe07cea7","name":"eajvi7G6Zv5P9","image":{"@type":"ImageObject","inLanguage":"en-GB","@id":"https:\/\/www.dhenne-avocats.fr\/#\/schema\/person\/image\/","url":"https:\/\/secure.gravatar.com\/avatar\/faaaaacf01055ee63a78e37c3014f990f3235015c2bdef148e716a6a8e39a842?s=96&d=mm&r=g","contentUrl":"https:\/\/secure.gravatar.com\/avatar\/faaaaacf01055ee63a78e37c3014f990f3235015c2bdef148e716a6a8e39a842?s=96&d=mm&r=g","caption":"eajvi7G6Zv5P9"},"sameAs":["https:\/\/www.dhenne-avocats.fr"]}]}},"_links":{"self":[{"href":"https:\/\/www.dhenne-avocats.fr\/en\/wp-json\/wp\/v2\/posts\/7897","targetHints":{"allow":["GET"]}}],"collection":[{"href":"https:\/\/www.dhenne-avocats.fr\/en\/wp-json\/wp\/v2\/posts"}],"about":[{"href":"https:\/\/www.dhenne-avocats.fr\/en\/wp-json\/wp\/v2\/types\/post"}],"author":[{"embeddable":true,"href":"https:\/\/www.dhenne-avocats.fr\/en\/wp-json\/wp\/v2\/users\/5"}],"replies":[{"embeddable":true,"href":"https:\/\/www.dhenne-avocats.fr\/en\/wp-json\/wp\/v2\/comments?post=7897"}],"version-history":[{"count":0,"href":"https:\/\/www.dhenne-avocats.fr\/en\/wp-json\/wp\/v2\/posts\/7897\/revisions"}],"wp:featuredmedia":[{"embeddable":true,"href":"https:\/\/www.dhenne-avocats.fr\/en\/wp-json\/wp\/v2\/media\/7898"}],"wp:attachment":[{"href":"https:\/\/www.dhenne-avocats.fr\/en\/wp-json\/wp\/v2\/media?parent=7897"}],"wp:term":[{"taxonomy":"category","embeddable":true,"href":"https:\/\/www.dhenne-avocats.fr\/en\/wp-json\/wp\/v2\/categories?post=7897"},{"taxonomy":"post_tag","embeddable":true,"href":"https:\/\/www.dhenne-avocats.fr\/en\/wp-json\/wp\/v2\/tags?post=7897"}],"curies":[{"name":"wp","href":"https:\/\/api.w.org\/{rel}","templated":true}]}}