{"id":7888,"date":"2020-05-12T10:52:26","date_gmt":"2020-05-12T10:52:26","guid":{"rendered":"https:\/\/www.dhenne-avocat.sea-dev-and-sun.fr\/2020\/05\/12\/covid-19-brevets-licence-doffice\/"},"modified":"2025-02-06T12:57:52","modified_gmt":"2025-02-06T12:57:52","slug":"covid-19-patents-compulsory-licensing","status":"publish","type":"post","link":"https:\/\/www.dhenne-avocats.fr\/en\/covid-19-patents-compulsory-licensing\/","title":{"rendered":"Covid-19: intellectual property a barrier to vaccine distribution?"},"content":{"rendered":"<p>\u00c0 l\u2019heure o\u00f9 le virus continue de se r\u00e9pandre en France malgr\u00e9 le (re)confinement, les laboratoires am\u00e9ricains Pfizer et BioNtech annoncent la d\u00e9couverte d\u2019un vaccin fonctionnant dans 90% des cas. La distribution de ce nouveau vaccin pourrait cependant \u00eatre frein\u00e9 par la propri\u00e9t\u00e9 intellectuelle si les autorit\u00e9s publiques n&rsquo;agissent pas \u00e0 temps.<\/p>\n<h2><strong>La lueur d&rsquo;espoir : le BNR162b2<\/strong><\/h2>\n<p>Cette lueur d\u2019espoir provient du <strong>\u00ab\u00a0BNT162b2\u00a0\u00bb<\/strong>, <strong>vaccin \u00e0 ARNm<\/strong> de pointe d\u00e9j\u00e0 c\u00e9l\u00e9br\u00e9 par le PDG de Pfizer, Albert Bourla, comme \u00ab\u00a0une \u00e9tape critique dans le programme de d\u00e9veloppement de vaccins [de la soci\u00e9t\u00e9] \u00e0 un moment o\u00f9 le monde en a le plus besoin\u00a0\u00bb.<\/p>\n<p>Mais en quoi consiste pr\u00e9cis\u00e9ment cette \u00ab \u00e9tape critique \u00bb ? C&rsquo;est un vaccin fond\u00e9 sur la technique de l&rsquo;ARN messager, qui met l&rsquo;organisme \u00e0 contribution en lui indiquant comment se d\u00e9fendre face au virus. On injecte dans l\u2019organisme des brins d\u2019instructions g\u00e9n\u00e9tiques appel\u00e9es ARN messager, c\u2019est-\u00e0-dire que la mol\u00e9cule indique \u00e0 nos cellules ce qu\u2019il faut fabriquer. L&rsquo;ARN messager du vaccin s&rsquo;ins\u00e8re dans les cellules puis prend leur contr\u00f4le pour leur faire fabriquer un antig\u00e8ne sp\u00e9cifique du coronavirus : en l\u2019occurrence la \u00abspicule\u00bb du coronavirus, sa pointe qui se situe \u00e0 sa surface et lui permet de s&rsquo;attacher aux cellules humaines pour les p\u00e9n\u00e9trer. Cette pointe, qui est en elle-m\u00eame inoffensive, sera ensuite d\u00e9tect\u00e9e par le syst\u00e8me immunitaire qui va produire des anticorps, et ces anticorps vont rester, montant la garde pendant une certaine dur\u00e9e, encore ind\u00e9termin\u00e9e.<\/p>\n<h2><strong>La propri\u00e9t\u00e9 intellectuelle : un frein au d\u00e9veloppement du vaccin ?<\/strong><\/h2>\n<p><em>Quid<\/em> de la propri\u00e9t\u00e9 intellectuelle dans tout \u00e7a ? Depuis plusieurs mois certains experts ont tent\u00e9 d\u2019alerter les pouvoirs publics, comme l\u2019<a href=\"https:\/\/www.institutboufflers.org\/\">Institut de Boufflers<\/a> en France, ou les repr\u00e9sentants de l\u2019Afrique du Sud \u00e0 l\u2019OMC. Sans succ\u00e8s. Pourtant le probl\u00e8me est de taille. Le BNT162b2 en est une preuve suppl\u00e9mentaire.<\/p>\n<p>D\u2019abord, la soci\u00e9t\u00e9 <strong>Allele<\/strong> soutient que le vaccin de <strong>Pfizer<\/strong> et <strong>BioNtech<\/strong> contrefait son <strong>patent<\/strong> de biotechnologie relatif \u00e0 une prot\u00e9ine fluorescente mNeonGreen. Cela \u00e9tant, le brevet\u00e9 semble uniquement rechercher l\u2019obtention d\u2019une redevance raisonnable. On ne peut toutefois pas exclure que cette pr\u00e9tention et peut-\u00eatre d\u2019autres freinent le d\u00e9veloppement du vaccin.<\/p>\n<p>Ensuite, le d\u00e9veloppement de l\u2019ARN messager a impliqu\u00e9 l\u2019utilisation d\u2019une technique de plate-forme, objet d\u2019un brevet ayant d\u00e9j\u00e0 \u00e9t\u00e9 oppos\u00e9 par la soci\u00e9t\u00e9 <strong>Arbutus<\/strong> <strong>Biopharma<\/strong> au laboratoire <strong>Moderna Therapeutics<\/strong>, qui d\u00e9veloppe \u00e9galement un des projets de vaccin contre la Covid-19 les plus aboutis au monde.<\/p>\n<p>Enfin, et surtout, Pfizer et BioNtech vont sans doute rechercher \u00e0 prot\u00e9ger leur d\u00e9couverte. Or, bien que les vaccins \u00e0 ARNm soient g\u00e9n\u00e9ralement consid\u00e9r\u00e9s faciles \u00e0 obtenir, ce qui limite la protection par brevets, m\u00eame si ceux-ci \u00e9taient absents de la partie (ce qui reste douteux), il n\u2019en demeure pas moins que le transfert de savoir-faire propres \u00e0 Pfizer et BioNtech serait sans doute n\u00e9cessaire pour produire le BNT162b2. En outre, si l\u2019\u00c9tat peut exiger la mise en place d\u2019une licence d\u2019office, pour assurer un acc\u00e8s aux brevets, cette proc\u00e9dure est tr\u00e8s lourde et elle ne permet pas de contourner les exclusivit\u00e9s r\u00e9glementaires.<\/p>\n<p>Quoi qu\u2019il en soit, Pfizer et BioNtech, contrairement \u00e0 d\u2019autres acteurs du secteur, comme par exemple <strong>AbbVie<\/strong> et <strong>Moderna<\/strong> Therapeutics, ne se sont pas engag\u00e9s \u00e0 donner acc\u00e8s gratuitement et sous certaines conditions \u00e0 leur propri\u00e9t\u00e9 intellectuelle li\u00e9e au Covid-19.<\/p>\n<p>Au stade o\u00f9 les recherches commencent \u00e0 aboutir \u00e0 des r\u00e9sultats, il est grand temps que le gouvernement fran\u00e7ais, qui pr\u00e9tend par ailleurs reconqu\u00e9rir la souverainet\u00e9 pharmaceutique, se penche enfin sur ces questions de propri\u00e9t\u00e9 intellectuelle, si on ne veut pas se retrouver face \u00e0 une impasse qui rappellera l\u2019imbroglio des masques du printemps dernier.<\/p>","protected":false},"excerpt":{"rendered":"<p>\u00c0 l\u2019heure o\u00f9 le virus continue de se r\u00e9pandre en France malgr\u00e9 le (re)confinement, les laboratoires am\u00e9ricains Pfizer et BioNtech annoncent la d\u00e9couverte d\u2019un vaccin fonctionnant dans 90% des cas. La distribution de ce nouveau vaccin pourrait cependant \u00eatre frein\u00e9 par la propri\u00e9t\u00e9 intellectuelle si les autorit\u00e9s publiques n&rsquo;agissent pas \u00e0 temps. La lueur d&rsquo;espoir [&hellip;]<\/p>","protected":false},"author":5,"featured_media":7866,"comment_status":"closed","ping_status":"closed","sticky":false,"template":"","format":"standard","meta":{"_acf_changed":false,"footnotes":""},"categories":[16,8,10],"tags":[],"class_list":["post-7888","post","type-post","status-publish","format-standard","has-post-thumbnail","hentry","category-brevets","category-covid-19","category-licence-doffice"],"acf":[],"yoast_head":"<!-- This site is optimized with the Yoast SEO plugin v25.6 - https:\/\/yoast.com\/wordpress\/plugins\/seo\/ -->\n<title>Covid-19 : la distribution du vaccin frein\u00e9e par la propri\u00e9t\u00e9 intellectuelle ? - Dhenne Avocats<\/title>\n<meta name=\"description\" content=\"Lisez l&#039;article : Covid-19 : la distribution du vaccin frein\u00e9e par la propri\u00e9t\u00e9 intellectuelle ? du blog Dhenne Avocats\" \/>\n<meta name=\"robots\" content=\"index, follow, max-snippet:-1, max-image-preview:large, max-video-preview:-1\" \/>\n<link rel=\"canonical\" href=\"https:\/\/www.dhenne-avocats.fr\/en\/covid-19-patents-compulsory-licensing\/\" \/>\n<meta property=\"og:locale\" content=\"en_GB\" \/>\n<meta property=\"og:type\" content=\"article\" \/>\n<meta property=\"og:title\" content=\"Covid-19 : la distribution du vaccin frein\u00e9e par la propri\u00e9t\u00e9 intellectuelle ? - Dhenne Avocats\" \/>\n<meta property=\"og:description\" content=\"Lisez l&#039;article : Covid-19 : la distribution du vaccin frein\u00e9e par la propri\u00e9t\u00e9 intellectuelle ? du blog Dhenne Avocats\" \/>\n<meta property=\"og:url\" content=\"https:\/\/www.dhenne-avocats.fr\/en\/covid-19-patents-compulsory-licensing\/\" \/>\n<meta property=\"og:site_name\" content=\"Dhenne Avocats\" \/>\n<meta property=\"article:published_time\" content=\"2020-05-12T10:52:26+00:00\" \/>\n<meta property=\"article:modified_time\" content=\"2025-02-06T12:57:52+00:00\" \/>\n<meta property=\"og:image\" content=\"https:\/\/www.dhenne-avocats.fr\/wp-content\/uploads\/2024\/03\/AdobeStock_327257834-scaled-2.jpeg\" \/>\n\t<meta property=\"og:image:width\" content=\"2560\" \/>\n\t<meta property=\"og:image:height\" content=\"1707\" \/>\n\t<meta property=\"og:image:type\" content=\"image\/jpeg\" \/>\n<meta name=\"author\" content=\"eajvi7G6Zv5P9\" \/>\n<meta name=\"twitter:card\" content=\"summary_large_image\" \/>\n<meta name=\"twitter:label1\" content=\"Written by\" \/>\n\t<meta name=\"twitter:data1\" content=\"eajvi7G6Zv5P9\" \/>\n\t<meta name=\"twitter:label2\" content=\"Estimated reading time\" \/>\n\t<meta name=\"twitter:data2\" content=\"4 minutes\" \/>\n<script type=\"application\/ld+json\" class=\"yoast-schema-graph\">{\"@context\":\"https:\/\/schema.org\",\"@graph\":[{\"@type\":\"Article\",\"@id\":\"https:\/\/www.dhenne-avocats.fr\/covid-19-brevets-licence-doffice\/#article\",\"isPartOf\":{\"@id\":\"https:\/\/www.dhenne-avocats.fr\/covid-19-brevets-licence-doffice\/\"},\"author\":{\"name\":\"eajvi7G6Zv5P9\",\"@id\":\"https:\/\/www.dhenne-avocats.fr\/#\/schema\/person\/5a7426c68f341a547a6d8e49fe07cea7\"},\"headline\":\"Covid-19 : la distribution du vaccin frein\u00e9e par la propri\u00e9t\u00e9 intellectuelle ?\",\"datePublished\":\"2020-05-12T10:52:26+00:00\",\"dateModified\":\"2025-02-06T12:57:52+00:00\",\"mainEntityOfPage\":{\"@id\":\"https:\/\/www.dhenne-avocats.fr\/covid-19-brevets-licence-doffice\/\"},\"wordCount\":689,\"publisher\":{\"@id\":\"https:\/\/www.dhenne-avocats.fr\/#organization\"},\"image\":{\"@id\":\"https:\/\/www.dhenne-avocats.fr\/covid-19-brevets-licence-doffice\/#primaryimage\"},\"thumbnailUrl\":\"https:\/\/www.dhenne-avocats.fr\/wp-content\/uploads\/2024\/03\/AdobeStock_327257834-scaled-2.jpeg\",\"articleSection\":[\"Brevets\",\"covid-19\",\"licence d'office\"],\"inLanguage\":\"en-GB\"},{\"@type\":\"WebPage\",\"@id\":\"https:\/\/www.dhenne-avocats.fr\/covid-19-brevets-licence-doffice\/\",\"url\":\"https:\/\/www.dhenne-avocats.fr\/covid-19-brevets-licence-doffice\/\",\"name\":\"Covid-19 : la distribution du vaccin frein\u00e9e par la propri\u00e9t\u00e9 intellectuelle ? - Dhenne Avocats\",\"isPartOf\":{\"@id\":\"https:\/\/www.dhenne-avocats.fr\/#website\"},\"primaryImageOfPage\":{\"@id\":\"https:\/\/www.dhenne-avocats.fr\/covid-19-brevets-licence-doffice\/#primaryimage\"},\"image\":{\"@id\":\"https:\/\/www.dhenne-avocats.fr\/covid-19-brevets-licence-doffice\/#primaryimage\"},\"thumbnailUrl\":\"https:\/\/www.dhenne-avocats.fr\/wp-content\/uploads\/2024\/03\/AdobeStock_327257834-scaled-2.jpeg\",\"datePublished\":\"2020-05-12T10:52:26+00:00\",\"dateModified\":\"2025-02-06T12:57:52+00:00\",\"description\":\"Lisez l'article : Covid-19 : la distribution du vaccin frein\u00e9e par la propri\u00e9t\u00e9 intellectuelle ? du blog Dhenne Avocats\",\"breadcrumb\":{\"@id\":\"https:\/\/www.dhenne-avocats.fr\/covid-19-brevets-licence-doffice\/#breadcrumb\"},\"inLanguage\":\"en-GB\",\"potentialAction\":[{\"@type\":\"ReadAction\",\"target\":[\"https:\/\/www.dhenne-avocats.fr\/covid-19-brevets-licence-doffice\/\"]}]},{\"@type\":\"ImageObject\",\"inLanguage\":\"en-GB\",\"@id\":\"https:\/\/www.dhenne-avocats.fr\/covid-19-brevets-licence-doffice\/#primaryimage\",\"url\":\"https:\/\/www.dhenne-avocats.fr\/wp-content\/uploads\/2024\/03\/AdobeStock_327257834-scaled-2.jpeg\",\"contentUrl\":\"https:\/\/www.dhenne-avocats.fr\/wp-content\/uploads\/2024\/03\/AdobeStock_327257834-scaled-2.jpeg\",\"width\":2560,\"height\":1707},{\"@type\":\"BreadcrumbList\",\"@id\":\"https:\/\/www.dhenne-avocats.fr\/covid-19-brevets-licence-doffice\/#breadcrumb\",\"itemListElement\":[{\"@type\":\"ListItem\",\"position\":1,\"name\":\"Accueil\",\"item\":\"https:\/\/www.dhenne-avocats.fr\/\"},{\"@type\":\"ListItem\",\"position\":2,\"name\":\"Covid-19 : la distribution du vaccin frein\u00e9e par la propri\u00e9t\u00e9 intellectuelle ?\"}]},{\"@type\":\"WebSite\",\"@id\":\"https:\/\/www.dhenne-avocats.fr\/#website\",\"url\":\"https:\/\/www.dhenne-avocats.fr\/\",\"name\":\"Dhenne Avocats\",\"description\":\"Cabinet d&#039;avocats en droit des brevets\",\"publisher\":{\"@id\":\"https:\/\/www.dhenne-avocats.fr\/#organization\"},\"potentialAction\":[{\"@type\":\"SearchAction\",\"target\":{\"@type\":\"EntryPoint\",\"urlTemplate\":\"https:\/\/www.dhenne-avocats.fr\/?s={search_term_string}\"},\"query-input\":{\"@type\":\"PropertyValueSpecification\",\"valueRequired\":true,\"valueName\":\"search_term_string\"}}],\"inLanguage\":\"en-GB\"},{\"@type\":\"Organization\",\"@id\":\"https:\/\/www.dhenne-avocats.fr\/#organization\",\"name\":\"Dhenne Avocats\",\"alternateName\":\"dhenne avocats\",\"url\":\"https:\/\/www.dhenne-avocats.fr\/\",\"logo\":{\"@type\":\"ImageObject\",\"inLanguage\":\"en-GB\",\"@id\":\"https:\/\/www.dhenne-avocats.fr\/#\/schema\/logo\/image\/\",\"url\":\"https:\/\/www.dhenne-avocats.fr\/wp-content\/uploads\/2024\/03\/cropped-DhenneAvocats_Favicon_RVB_FullColor-1.png\",\"contentUrl\":\"https:\/\/www.dhenne-avocats.fr\/wp-content\/uploads\/2024\/03\/cropped-DhenneAvocats_Favicon_RVB_FullColor-1.png\",\"width\":512,\"height\":512,\"caption\":\"Dhenne Avocats\"},\"image\":{\"@id\":\"https:\/\/www.dhenne-avocats.fr\/#\/schema\/logo\/image\/\"}},{\"@type\":\"Person\",\"@id\":\"https:\/\/www.dhenne-avocats.fr\/#\/schema\/person\/5a7426c68f341a547a6d8e49fe07cea7\",\"name\":\"eajvi7G6Zv5P9\",\"image\":{\"@type\":\"ImageObject\",\"inLanguage\":\"en-GB\",\"@id\":\"https:\/\/www.dhenne-avocats.fr\/#\/schema\/person\/image\/\",\"url\":\"https:\/\/secure.gravatar.com\/avatar\/faaaaacf01055ee63a78e37c3014f990f3235015c2bdef148e716a6a8e39a842?s=96&d=mm&r=g\",\"contentUrl\":\"https:\/\/secure.gravatar.com\/avatar\/faaaaacf01055ee63a78e37c3014f990f3235015c2bdef148e716a6a8e39a842?s=96&d=mm&r=g\",\"caption\":\"eajvi7G6Zv5P9\"},\"sameAs\":[\"https:\/\/www.dhenne-avocats.fr\"]}]}<\/script>\n<!-- \/ Yoast SEO plugin. -->","yoast_head_json":{"title":"Covid-19 : la distribution du vaccin frein\u00e9e par la propri\u00e9t\u00e9 intellectuelle ? - Dhenne Avocats","description":"Lisez l'article : Covid-19 : la distribution du vaccin frein\u00e9e par la propri\u00e9t\u00e9 intellectuelle ? du blog Dhenne Avocats","robots":{"index":"index","follow":"follow","max-snippet":"max-snippet:-1","max-image-preview":"max-image-preview:large","max-video-preview":"max-video-preview:-1"},"canonical":"https:\/\/www.dhenne-avocats.fr\/en\/covid-19-patents-compulsory-licensing\/","og_locale":"en_GB","og_type":"article","og_title":"Covid-19 : la distribution du vaccin frein\u00e9e par la propri\u00e9t\u00e9 intellectuelle ? - Dhenne Avocats","og_description":"Lisez l'article : Covid-19 : la distribution du vaccin frein\u00e9e par la propri\u00e9t\u00e9 intellectuelle ? du blog Dhenne Avocats","og_url":"https:\/\/www.dhenne-avocats.fr\/en\/covid-19-patents-compulsory-licensing\/","og_site_name":"Dhenne Avocats","article_published_time":"2020-05-12T10:52:26+00:00","article_modified_time":"2025-02-06T12:57:52+00:00","og_image":[{"width":2560,"height":1707,"url":"https:\/\/www.dhenne-avocats.fr\/wp-content\/uploads\/2024\/03\/AdobeStock_327257834-scaled-2.jpeg","type":"image\/jpeg"}],"author":"eajvi7G6Zv5P9","twitter_card":"summary_large_image","twitter_misc":{"Written by":"eajvi7G6Zv5P9","Estimated reading time":"4 minutes"},"schema":{"@context":"https:\/\/schema.org","@graph":[{"@type":"Article","@id":"https:\/\/www.dhenne-avocats.fr\/covid-19-brevets-licence-doffice\/#article","isPartOf":{"@id":"https:\/\/www.dhenne-avocats.fr\/covid-19-brevets-licence-doffice\/"},"author":{"name":"eajvi7G6Zv5P9","@id":"https:\/\/www.dhenne-avocats.fr\/#\/schema\/person\/5a7426c68f341a547a6d8e49fe07cea7"},"headline":"Covid-19 : la distribution du vaccin frein\u00e9e par la propri\u00e9t\u00e9 intellectuelle ?","datePublished":"2020-05-12T10:52:26+00:00","dateModified":"2025-02-06T12:57:52+00:00","mainEntityOfPage":{"@id":"https:\/\/www.dhenne-avocats.fr\/covid-19-brevets-licence-doffice\/"},"wordCount":689,"publisher":{"@id":"https:\/\/www.dhenne-avocats.fr\/#organization"},"image":{"@id":"https:\/\/www.dhenne-avocats.fr\/covid-19-brevets-licence-doffice\/#primaryimage"},"thumbnailUrl":"https:\/\/www.dhenne-avocats.fr\/wp-content\/uploads\/2024\/03\/AdobeStock_327257834-scaled-2.jpeg","articleSection":["Brevets","covid-19","licence d'office"],"inLanguage":"en-GB"},{"@type":"WebPage","@id":"https:\/\/www.dhenne-avocats.fr\/covid-19-brevets-licence-doffice\/","url":"https:\/\/www.dhenne-avocats.fr\/covid-19-brevets-licence-doffice\/","name":"Covid-19 : la distribution du vaccin frein\u00e9e par la propri\u00e9t\u00e9 intellectuelle ? - Dhenne Avocats","isPartOf":{"@id":"https:\/\/www.dhenne-avocats.fr\/#website"},"primaryImageOfPage":{"@id":"https:\/\/www.dhenne-avocats.fr\/covid-19-brevets-licence-doffice\/#primaryimage"},"image":{"@id":"https:\/\/www.dhenne-avocats.fr\/covid-19-brevets-licence-doffice\/#primaryimage"},"thumbnailUrl":"https:\/\/www.dhenne-avocats.fr\/wp-content\/uploads\/2024\/03\/AdobeStock_327257834-scaled-2.jpeg","datePublished":"2020-05-12T10:52:26+00:00","dateModified":"2025-02-06T12:57:52+00:00","description":"Lisez l'article : Covid-19 : la distribution du vaccin frein\u00e9e par la propri\u00e9t\u00e9 intellectuelle ? du blog Dhenne Avocats","breadcrumb":{"@id":"https:\/\/www.dhenne-avocats.fr\/covid-19-brevets-licence-doffice\/#breadcrumb"},"inLanguage":"en-GB","potentialAction":[{"@type":"ReadAction","target":["https:\/\/www.dhenne-avocats.fr\/covid-19-brevets-licence-doffice\/"]}]},{"@type":"ImageObject","inLanguage":"en-GB","@id":"https:\/\/www.dhenne-avocats.fr\/covid-19-brevets-licence-doffice\/#primaryimage","url":"https:\/\/www.dhenne-avocats.fr\/wp-content\/uploads\/2024\/03\/AdobeStock_327257834-scaled-2.jpeg","contentUrl":"https:\/\/www.dhenne-avocats.fr\/wp-content\/uploads\/2024\/03\/AdobeStock_327257834-scaled-2.jpeg","width":2560,"height":1707},{"@type":"BreadcrumbList","@id":"https:\/\/www.dhenne-avocats.fr\/covid-19-brevets-licence-doffice\/#breadcrumb","itemListElement":[{"@type":"ListItem","position":1,"name":"Accueil","item":"https:\/\/www.dhenne-avocats.fr\/"},{"@type":"ListItem","position":2,"name":"Covid-19 : la distribution du vaccin frein\u00e9e par la propri\u00e9t\u00e9 intellectuelle ?"}]},{"@type":"WebSite","@id":"https:\/\/www.dhenne-avocats.fr\/#website","url":"https:\/\/www.dhenne-avocats.fr\/","name":"Dhenne Avocats","description":"Cabinet d&#039;avocats en droit des brevets","publisher":{"@id":"https:\/\/www.dhenne-avocats.fr\/#organization"},"potentialAction":[{"@type":"SearchAction","target":{"@type":"EntryPoint","urlTemplate":"https:\/\/www.dhenne-avocats.fr\/?s={search_term_string}"},"query-input":{"@type":"PropertyValueSpecification","valueRequired":true,"valueName":"search_term_string"}}],"inLanguage":"en-GB"},{"@type":"Organization","@id":"https:\/\/www.dhenne-avocats.fr\/#organization","name":"Dhenne Avocats","alternateName":"dhenne avocats","url":"https:\/\/www.dhenne-avocats.fr\/","logo":{"@type":"ImageObject","inLanguage":"en-GB","@id":"https:\/\/www.dhenne-avocats.fr\/#\/schema\/logo\/image\/","url":"https:\/\/www.dhenne-avocats.fr\/wp-content\/uploads\/2024\/03\/cropped-DhenneAvocats_Favicon_RVB_FullColor-1.png","contentUrl":"https:\/\/www.dhenne-avocats.fr\/wp-content\/uploads\/2024\/03\/cropped-DhenneAvocats_Favicon_RVB_FullColor-1.png","width":512,"height":512,"caption":"Dhenne Avocats"},"image":{"@id":"https:\/\/www.dhenne-avocats.fr\/#\/schema\/logo\/image\/"}},{"@type":"Person","@id":"https:\/\/www.dhenne-avocats.fr\/#\/schema\/person\/5a7426c68f341a547a6d8e49fe07cea7","name":"eajvi7G6Zv5P9","image":{"@type":"ImageObject","inLanguage":"en-GB","@id":"https:\/\/www.dhenne-avocats.fr\/#\/schema\/person\/image\/","url":"https:\/\/secure.gravatar.com\/avatar\/faaaaacf01055ee63a78e37c3014f990f3235015c2bdef148e716a6a8e39a842?s=96&d=mm&r=g","contentUrl":"https:\/\/secure.gravatar.com\/avatar\/faaaaacf01055ee63a78e37c3014f990f3235015c2bdef148e716a6a8e39a842?s=96&d=mm&r=g","caption":"eajvi7G6Zv5P9"},"sameAs":["https:\/\/www.dhenne-avocats.fr"]}]}},"_links":{"self":[{"href":"https:\/\/www.dhenne-avocats.fr\/en\/wp-json\/wp\/v2\/posts\/7888","targetHints":{"allow":["GET"]}}],"collection":[{"href":"https:\/\/www.dhenne-avocats.fr\/en\/wp-json\/wp\/v2\/posts"}],"about":[{"href":"https:\/\/www.dhenne-avocats.fr\/en\/wp-json\/wp\/v2\/types\/post"}],"author":[{"embeddable":true,"href":"https:\/\/www.dhenne-avocats.fr\/en\/wp-json\/wp\/v2\/users\/5"}],"replies":[{"embeddable":true,"href":"https:\/\/www.dhenne-avocats.fr\/en\/wp-json\/wp\/v2\/comments?post=7888"}],"version-history":[{"count":0,"href":"https:\/\/www.dhenne-avocats.fr\/en\/wp-json\/wp\/v2\/posts\/7888\/revisions"}],"wp:featuredmedia":[{"embeddable":true,"href":"https:\/\/www.dhenne-avocats.fr\/en\/wp-json\/wp\/v2\/media\/7866"}],"wp:attachment":[{"href":"https:\/\/www.dhenne-avocats.fr\/en\/wp-json\/wp\/v2\/media?parent=7888"}],"wp:term":[{"taxonomy":"category","embeddable":true,"href":"https:\/\/www.dhenne-avocats.fr\/en\/wp-json\/wp\/v2\/categories?post=7888"},{"taxonomy":"post_tag","embeddable":true,"href":"https:\/\/www.dhenne-avocats.fr\/en\/wp-json\/wp\/v2\/tags?post=7888"}],"curies":[{"name":"wp","href":"https:\/\/api.w.org\/{rel}","templated":true}]}}