{"id":7881,"date":"2021-05-14T07:30:29","date_gmt":"2021-05-14T07:30:29","guid":{"rendered":"https:\/\/www.dhenne-avocat.sea-dev-and-sun.fr\/2021\/05\/14\/tribune-i-levee-des-brevets-quand-le-debat-public-fait-fausse-route\/"},"modified":"2025-02-06T12:50:11","modified_gmt":"2025-02-06T12:50:11","slug":"when-the-public-debate-goes-wrong","status":"publish","type":"post","link":"https:\/\/www.dhenne-avocats.fr\/en\/when-the-public-debate-goes-wrong\/","title":{"rendered":"Opinion column I Lifting patents: when public debate gets it wrong"},"content":{"rendered":"<p><strong>L\u2019\u00e9v\u00e8nement est suffisamment rare pour \u00eatre signal\u00e9 : le 23 avril dernier le Pr\u00e9sident Emmanuel Macron a \u00e9voqu\u00e9 les brevets dans un discours appelant les pays disposant de vaccins \u00e0 les partager tout en s\u2019opposant \u00e0 la \u00ab\u00a0lev\u00e9e\u00a0\u00bb des brevets. Cette pol\u00e9mique sur la \u00ab\u00a0lev\u00e9e\u00a0\u00bb des brevets est pourtant une fausse route, qui d\u00e9tourne le d\u00e9bat de la vraie question : l&rsquo;engagement de la proc\u00e9dure de la licence d\u2019office.<\/strong><\/p>\n<p>Instruments qui visent \u00e0 r\u00e9compenser l\u2019innovation par une exclusivit\u00e9 temporaire de 20 ans, les brevets \u00e9mergent rarement du discours politique. Ainsi, dans sa d\u00e9claration du 23 avril dernier, le Pr\u00e9sident Macron, comme les Ministres de la Sant\u00e9 et de l\u2019industrie avant lui, affirme qu\u2019il est oppos\u00e9 \u00e0 la \u00ab\u00a0lev\u00e9e\u00a0\u00bb des brevets en vue de la r\u00e9solution de la crise sanitaire. Cette d\u00e9claration surprend par son inad\u00e9quation avec la r\u00e9alit\u00e9 du syst\u00e8me des brevets.<\/p>\n<h2><strong>Une \u00ab\u00a0lev\u00e9e\u00a0\u00bb des brevets contraire aux Accords conclus \u00e0 l&rsquo;OMC<\/strong><\/h2>\n<p>L&rsquo;id\u00e9e de \u00ab\u00a0lev\u00e9e\u00a0\u00bb des brevets a fait son chemin en ce d\u00e9but d\u2019ann\u00e9e, notamment \u00e0 l\u2019extr\u00eame gauche de l\u2019h\u00e9micycle d\u2019o\u00f9 est n\u00e9e une proposition d\u2019amendement : \u00ab lever \u00bb les brevets permettrait de faire des vaccins des biens communs auxquels on pourrait d\u00e8s lors avoir acc\u00e8s gratuitement. L\u2019id\u00e9e pas nouvelle se retrouve r\u00e9guli\u00e8rement dans le discours des ONG, qui gardent les brevets en ligne de mire d\u00e8s que l&rsquo;on \u00e9voque l\u2019incapacit\u00e9 de certains pays \u00e0 faire face \u00e0 des crises sanitaires telles qu&rsquo;\u00c9bola ou le VIH.<br \/>\nPourtant, cette id\u00e9e de \u00ab lev\u00e9e \u00bb des brevets sonne creux quand elle est confront\u00e9e \u00e0 l\u2019\u00e9preuve de r\u00e9alit\u00e9. Surtout, l&rsquo;on ne peut manquer de noter qu\u2019elle conduit \u00e0 contourner les vrais probl\u00e8mes, et donc, avec eux, les solutions envisageables.<\/p>\n<p>Une telle \u00ab\u00a0lev\u00e9e\u00a0\u00bb, qui consisterait \u00e0 suspendre les effets des brevets, implique, juridiquement une expropriation. C\u2019est d\u2019ailleurs ce qui explique que les tenants de cette \u00ab\u00a0lev\u00e9e\u00a0\u00bb se m\u00ealent avec ceux pr\u00e9conisant de faire des vaccins des biens communs de l\u2019humanit\u00e9 ou des biens public mondiaux, autrement dit des biens ne souffrant aucune exclusivit\u00e9, donc aucune propri\u00e9t\u00e9.<\/p>\n<p>Or, l\u2019expropriation des titulaires de brevets n\u2019est pas conforme aux engagements internationaux de la France, puisque celle-ci a sign\u00e9, dans le cadre de l\u2019OMC, le Trait\u00e9 sur les ADPIC (aspects des droits de propri\u00e9t\u00e9 intellectuelle qui touchent au commerce). Ce Trait\u00e9 pr\u00e9voit en effet la possibilit\u00e9 de limiter l\u2019usage pouvant \u00eatre fait d&rsquo;un brevet sous r\u00e9serve du respect de conditions strictes. Les \u00c9tats sont libres de pr\u00e9voir des dispositions en ce sens conform\u00e9ment au Trait\u00e9, mais ne peuvent pr\u00e9voir une expropriation, seule la limitation sous certaines conditions \u00e9tant permise. Ainsi, en France, la Code de la propri\u00e9t\u00e9 intellectuelle met en place un syst\u00e8me de licence d\u2019office, qui permet \u00e0 l\u2019\u00c9tat de faciliter l\u2019acc\u00e8s aux brevets quand l\u2019int\u00e9r\u00eat de la sant\u00e9 publique l\u2019exige (article L. 613-16 du Code de la propri\u00e9t\u00e9 intellectuelle).<\/p>\n<h2><strong>Une \u00ab\u00a0lev\u00e9e\u00a0\u00bb des brevets contraire aux discussions \u00e0 l&rsquo;OMC<\/strong><\/h2>\n<p>Cela dit, une discussion est en court \u00e0 l\u2019OMC s\u2019agissant d\u2019une \u00e9ventuelle suspension des droits de propri\u00e9t\u00e9 intellectuelle li\u00e9s \u00e0 l\u2019actuelle pand\u00e9mie. Cette suspension ne vise cependant pas que les brevets, mais toutes les propri\u00e9t\u00e9s intellectuelles, et semble avoir peu de chance d\u2019aboutir \u00e0 l\u2019heure qu\u2019il est au regard des discussions \u00e0 l&rsquo;OMC.<\/p>\n<p>Il convient par ailleurs de souligner que la suspension pour laquelle certains pays, avec l&rsquo;Afrique du Sud en t\u00eate, militent, vise uniquement \u00e0 \u00e9viter que les \u00c9tats soient oblig\u00e9s d&rsquo;agir au niveau national. Cette initiative au sein de l&rsquo;OMC a en effet moins pour but l&rsquo;expropriation en tant que telle qu&rsquo;un d\u00e9placement de la prise de d\u00e9cision vers l&rsquo;international, \u00e9vitant que les \u00c9tats ne soient oblig\u00e9s d&rsquo;agir individuellement, et ainsi de prendre le risque de faire fuir l&rsquo;industrie pharmaceutique de leurs territoires. Nous sommes autrement dit \u00e0 l&rsquo;oppos\u00e9 de la nationalisation des vaccins qui est souvent li\u00e9e \u00e0 la \u00ab\u00a0lev\u00e9e\u00a0\u00bb des brevets.<\/p>\n<h2><strong>Le vrai probl\u00e8me ignor\u00e9 : l&rsquo;absence d&rsquo;engagement de la proc\u00e9dure de la licence d&rsquo;office<\/strong><\/h2>\n<p>En fin de compte, on a du mal \u00e0 comprendre pourquoi le Pr\u00e9sident de la R\u00e9publique et avec lui l\u2019ensemble de l\u2019ex\u00e9cutif se bornent \u00e0 s\u2019opposer \u00e0 la \u00ab\u00a0lev\u00e9e\u00a0\u00bb des brevets tout en faisant mine d\u2019ignorer le m\u00e9canisme de la licence d\u2019office, qui existe dans notre droit positif et pourrait faciliter la fabrication de vaccins.<\/p>\n<p>Notons toutefois qu\u2019une proposition de loi d\u00e9pos\u00e9e le 8 avril dernier au S\u00e9nat, en vue de l&rsquo;octroi d&rsquo;une telle licence, pourrait (enfin) pallier cette malheureuse carence gouvernementale.<\/p>\n<p>Cette tribune a initialement \u00e9t\u00e9 publi\u00e9e dans Les \u00c9chos.<\/p>","protected":false},"excerpt":{"rendered":"<p>L\u2019\u00e9v\u00e8nement est suffisamment rare pour \u00eatre signal\u00e9 : le 23 avril dernier le Pr\u00e9sident Emmanuel Macron a \u00e9voqu\u00e9 les brevets dans un discours appelant les pays disposant de vaccins \u00e0 les partager tout en s\u2019opposant \u00e0 la \u00ab\u00a0lev\u00e9e\u00a0\u00bb des brevets. Cette pol\u00e9mique sur la \u00ab\u00a0lev\u00e9e\u00a0\u00bb des brevets est pourtant une fausse route, qui d\u00e9tourne le [&hellip;]<\/p>","protected":false},"author":5,"featured_media":7866,"comment_status":"closed","ping_status":"closed","sticky":false,"template":"","format":"standard","meta":{"_acf_changed":false,"footnotes":""},"categories":[8,9,10],"tags":[],"class_list":["post-7881","post","type-post","status-publish","format-standard","has-post-thumbnail","hentry","category-covid-19","category-levee-des-brevets","category-licence-doffice"],"acf":[],"yoast_head":"<!-- This site is optimized with the Yoast SEO plugin v25.6 - https:\/\/yoast.com\/wordpress\/plugins\/seo\/ -->\n<title>Tribune I Lev\u00e9e des brevets : quand le d\u00e9bat public fait fausse route - Dhenne Avocats<\/title>\n<meta name=\"description\" content=\"Lisez l&#039;article : Tribune I Lev\u00e9e des brevets : quand le d\u00e9bat public fait fausse route du blog Dhenne Avocats\" \/>\n<meta name=\"robots\" content=\"index, follow, max-snippet:-1, max-image-preview:large, max-video-preview:-1\" \/>\n<link rel=\"canonical\" href=\"https:\/\/www.dhenne-avocats.fr\/en\/when-the-public-debate-goes-wrong\/\" \/>\n<meta property=\"og:locale\" content=\"en_GB\" \/>\n<meta property=\"og:type\" content=\"article\" \/>\n<meta property=\"og:title\" content=\"Tribune I Lev\u00e9e des brevets : quand le d\u00e9bat public fait fausse route - Dhenne Avocats\" \/>\n<meta property=\"og:description\" content=\"Lisez l&#039;article : Tribune I Lev\u00e9e des brevets : quand le d\u00e9bat public fait fausse route du blog Dhenne Avocats\" \/>\n<meta property=\"og:url\" content=\"https:\/\/www.dhenne-avocats.fr\/en\/when-the-public-debate-goes-wrong\/\" \/>\n<meta property=\"og:site_name\" content=\"Dhenne Avocats\" \/>\n<meta property=\"article:published_time\" content=\"2021-05-14T07:30:29+00:00\" \/>\n<meta property=\"article:modified_time\" content=\"2025-02-06T12:50:11+00:00\" \/>\n<meta property=\"og:image\" content=\"https:\/\/www.dhenne-avocats.fr\/wp-content\/uploads\/2024\/03\/AdobeStock_327257834-scaled-2.jpeg\" \/>\n\t<meta property=\"og:image:width\" content=\"2560\" \/>\n\t<meta property=\"og:image:height\" content=\"1707\" \/>\n\t<meta property=\"og:image:type\" content=\"image\/jpeg\" \/>\n<meta name=\"author\" content=\"eajvi7G6Zv5P9\" \/>\n<meta name=\"twitter:card\" content=\"summary_large_image\" \/>\n<meta name=\"twitter:label1\" content=\"Written by\" \/>\n\t<meta name=\"twitter:data1\" content=\"eajvi7G6Zv5P9\" \/>\n\t<meta name=\"twitter:label2\" content=\"Estimated reading time\" \/>\n\t<meta name=\"twitter:data2\" content=\"5 minutes\" \/>\n<script type=\"application\/ld+json\" class=\"yoast-schema-graph\">{\"@context\":\"https:\/\/schema.org\",\"@graph\":[{\"@type\":\"Article\",\"@id\":\"https:\/\/www.dhenne-avocats.fr\/tribune-i-levee-des-brevets-quand-le-debat-public-fait-fausse-route\/#article\",\"isPartOf\":{\"@id\":\"https:\/\/www.dhenne-avocats.fr\/tribune-i-levee-des-brevets-quand-le-debat-public-fait-fausse-route\/\"},\"author\":{\"name\":\"eajvi7G6Zv5P9\",\"@id\":\"https:\/\/www.dhenne-avocats.fr\/#\/schema\/person\/5a7426c68f341a547a6d8e49fe07cea7\"},\"headline\":\"Tribune I Lev\u00e9e des brevets : quand le d\u00e9bat public fait fausse route\",\"datePublished\":\"2021-05-14T07:30:29+00:00\",\"dateModified\":\"2025-02-06T12:50:11+00:00\",\"mainEntityOfPage\":{\"@id\":\"https:\/\/www.dhenne-avocats.fr\/tribune-i-levee-des-brevets-quand-le-debat-public-fait-fausse-route\/\"},\"wordCount\":853,\"publisher\":{\"@id\":\"https:\/\/www.dhenne-avocats.fr\/#organization\"},\"image\":{\"@id\":\"https:\/\/www.dhenne-avocats.fr\/tribune-i-levee-des-brevets-quand-le-debat-public-fait-fausse-route\/#primaryimage\"},\"thumbnailUrl\":\"https:\/\/www.dhenne-avocats.fr\/wp-content\/uploads\/2024\/03\/AdobeStock_327257834-scaled-2.jpeg\",\"articleSection\":[\"covid-19\",\"lev\u00e9e des brevets\",\"licence d'office\"],\"inLanguage\":\"en-GB\"},{\"@type\":\"WebPage\",\"@id\":\"https:\/\/www.dhenne-avocats.fr\/tribune-i-levee-des-brevets-quand-le-debat-public-fait-fausse-route\/\",\"url\":\"https:\/\/www.dhenne-avocats.fr\/tribune-i-levee-des-brevets-quand-le-debat-public-fait-fausse-route\/\",\"name\":\"Tribune I Lev\u00e9e des brevets : quand le d\u00e9bat public fait fausse route - Dhenne Avocats\",\"isPartOf\":{\"@id\":\"https:\/\/www.dhenne-avocats.fr\/#website\"},\"primaryImageOfPage\":{\"@id\":\"https:\/\/www.dhenne-avocats.fr\/tribune-i-levee-des-brevets-quand-le-debat-public-fait-fausse-route\/#primaryimage\"},\"image\":{\"@id\":\"https:\/\/www.dhenne-avocats.fr\/tribune-i-levee-des-brevets-quand-le-debat-public-fait-fausse-route\/#primaryimage\"},\"thumbnailUrl\":\"https:\/\/www.dhenne-avocats.fr\/wp-content\/uploads\/2024\/03\/AdobeStock_327257834-scaled-2.jpeg\",\"datePublished\":\"2021-05-14T07:30:29+00:00\",\"dateModified\":\"2025-02-06T12:50:11+00:00\",\"description\":\"Lisez l'article : Tribune I Lev\u00e9e des brevets : quand le d\u00e9bat public fait fausse route du blog Dhenne Avocats\",\"breadcrumb\":{\"@id\":\"https:\/\/www.dhenne-avocats.fr\/tribune-i-levee-des-brevets-quand-le-debat-public-fait-fausse-route\/#breadcrumb\"},\"inLanguage\":\"en-GB\",\"potentialAction\":[{\"@type\":\"ReadAction\",\"target\":[\"https:\/\/www.dhenne-avocats.fr\/tribune-i-levee-des-brevets-quand-le-debat-public-fait-fausse-route\/\"]}]},{\"@type\":\"ImageObject\",\"inLanguage\":\"en-GB\",\"@id\":\"https:\/\/www.dhenne-avocats.fr\/tribune-i-levee-des-brevets-quand-le-debat-public-fait-fausse-route\/#primaryimage\",\"url\":\"https:\/\/www.dhenne-avocats.fr\/wp-content\/uploads\/2024\/03\/AdobeStock_327257834-scaled-2.jpeg\",\"contentUrl\":\"https:\/\/www.dhenne-avocats.fr\/wp-content\/uploads\/2024\/03\/AdobeStock_327257834-scaled-2.jpeg\",\"width\":2560,\"height\":1707},{\"@type\":\"BreadcrumbList\",\"@id\":\"https:\/\/www.dhenne-avocats.fr\/tribune-i-levee-des-brevets-quand-le-debat-public-fait-fausse-route\/#breadcrumb\",\"itemListElement\":[{\"@type\":\"ListItem\",\"position\":1,\"name\":\"Accueil\",\"item\":\"https:\/\/www.dhenne-avocats.fr\/\"},{\"@type\":\"ListItem\",\"position\":2,\"name\":\"Tribune I Lev\u00e9e des brevets : quand le d\u00e9bat public fait fausse route\"}]},{\"@type\":\"WebSite\",\"@id\":\"https:\/\/www.dhenne-avocats.fr\/#website\",\"url\":\"https:\/\/www.dhenne-avocats.fr\/\",\"name\":\"Dhenne Avocats\",\"description\":\"Cabinet d&#039;avocats en droit des brevets\",\"publisher\":{\"@id\":\"https:\/\/www.dhenne-avocats.fr\/#organization\"},\"potentialAction\":[{\"@type\":\"SearchAction\",\"target\":{\"@type\":\"EntryPoint\",\"urlTemplate\":\"https:\/\/www.dhenne-avocats.fr\/?s={search_term_string}\"},\"query-input\":{\"@type\":\"PropertyValueSpecification\",\"valueRequired\":true,\"valueName\":\"search_term_string\"}}],\"inLanguage\":\"en-GB\"},{\"@type\":\"Organization\",\"@id\":\"https:\/\/www.dhenne-avocats.fr\/#organization\",\"name\":\"Dhenne Avocats\",\"alternateName\":\"dhenne avocats\",\"url\":\"https:\/\/www.dhenne-avocats.fr\/\",\"logo\":{\"@type\":\"ImageObject\",\"inLanguage\":\"en-GB\",\"@id\":\"https:\/\/www.dhenne-avocats.fr\/#\/schema\/logo\/image\/\",\"url\":\"https:\/\/www.dhenne-avocats.fr\/wp-content\/uploads\/2024\/03\/cropped-DhenneAvocats_Favicon_RVB_FullColor-1.png\",\"contentUrl\":\"https:\/\/www.dhenne-avocats.fr\/wp-content\/uploads\/2024\/03\/cropped-DhenneAvocats_Favicon_RVB_FullColor-1.png\",\"width\":512,\"height\":512,\"caption\":\"Dhenne Avocats\"},\"image\":{\"@id\":\"https:\/\/www.dhenne-avocats.fr\/#\/schema\/logo\/image\/\"}},{\"@type\":\"Person\",\"@id\":\"https:\/\/www.dhenne-avocats.fr\/#\/schema\/person\/5a7426c68f341a547a6d8e49fe07cea7\",\"name\":\"eajvi7G6Zv5P9\",\"image\":{\"@type\":\"ImageObject\",\"inLanguage\":\"en-GB\",\"@id\":\"https:\/\/www.dhenne-avocats.fr\/#\/schema\/person\/image\/\",\"url\":\"https:\/\/secure.gravatar.com\/avatar\/faaaaacf01055ee63a78e37c3014f990f3235015c2bdef148e716a6a8e39a842?s=96&d=mm&r=g\",\"contentUrl\":\"https:\/\/secure.gravatar.com\/avatar\/faaaaacf01055ee63a78e37c3014f990f3235015c2bdef148e716a6a8e39a842?s=96&d=mm&r=g\",\"caption\":\"eajvi7G6Zv5P9\"},\"sameAs\":[\"https:\/\/www.dhenne-avocats.fr\"]}]}<\/script>\n<!-- \/ Yoast SEO plugin. -->","yoast_head_json":{"title":"Tribune I Lev\u00e9e des brevets : quand le d\u00e9bat public fait fausse route - Dhenne Avocats","description":"Lisez l'article : Tribune I Lev\u00e9e des brevets : quand le d\u00e9bat public fait fausse route du blog Dhenne Avocats","robots":{"index":"index","follow":"follow","max-snippet":"max-snippet:-1","max-image-preview":"max-image-preview:large","max-video-preview":"max-video-preview:-1"},"canonical":"https:\/\/www.dhenne-avocats.fr\/en\/when-the-public-debate-goes-wrong\/","og_locale":"en_GB","og_type":"article","og_title":"Tribune I Lev\u00e9e des brevets : quand le d\u00e9bat public fait fausse route - Dhenne Avocats","og_description":"Lisez l'article : Tribune I Lev\u00e9e des brevets : quand le d\u00e9bat public fait fausse route du blog Dhenne Avocats","og_url":"https:\/\/www.dhenne-avocats.fr\/en\/when-the-public-debate-goes-wrong\/","og_site_name":"Dhenne Avocats","article_published_time":"2021-05-14T07:30:29+00:00","article_modified_time":"2025-02-06T12:50:11+00:00","og_image":[{"width":2560,"height":1707,"url":"https:\/\/www.dhenne-avocats.fr\/wp-content\/uploads\/2024\/03\/AdobeStock_327257834-scaled-2.jpeg","type":"image\/jpeg"}],"author":"eajvi7G6Zv5P9","twitter_card":"summary_large_image","twitter_misc":{"Written by":"eajvi7G6Zv5P9","Estimated reading time":"5 minutes"},"schema":{"@context":"https:\/\/schema.org","@graph":[{"@type":"Article","@id":"https:\/\/www.dhenne-avocats.fr\/tribune-i-levee-des-brevets-quand-le-debat-public-fait-fausse-route\/#article","isPartOf":{"@id":"https:\/\/www.dhenne-avocats.fr\/tribune-i-levee-des-brevets-quand-le-debat-public-fait-fausse-route\/"},"author":{"name":"eajvi7G6Zv5P9","@id":"https:\/\/www.dhenne-avocats.fr\/#\/schema\/person\/5a7426c68f341a547a6d8e49fe07cea7"},"headline":"Tribune I Lev\u00e9e des brevets : quand le d\u00e9bat public fait fausse route","datePublished":"2021-05-14T07:30:29+00:00","dateModified":"2025-02-06T12:50:11+00:00","mainEntityOfPage":{"@id":"https:\/\/www.dhenne-avocats.fr\/tribune-i-levee-des-brevets-quand-le-debat-public-fait-fausse-route\/"},"wordCount":853,"publisher":{"@id":"https:\/\/www.dhenne-avocats.fr\/#organization"},"image":{"@id":"https:\/\/www.dhenne-avocats.fr\/tribune-i-levee-des-brevets-quand-le-debat-public-fait-fausse-route\/#primaryimage"},"thumbnailUrl":"https:\/\/www.dhenne-avocats.fr\/wp-content\/uploads\/2024\/03\/AdobeStock_327257834-scaled-2.jpeg","articleSection":["covid-19","lev\u00e9e des brevets","licence d'office"],"inLanguage":"en-GB"},{"@type":"WebPage","@id":"https:\/\/www.dhenne-avocats.fr\/tribune-i-levee-des-brevets-quand-le-debat-public-fait-fausse-route\/","url":"https:\/\/www.dhenne-avocats.fr\/tribune-i-levee-des-brevets-quand-le-debat-public-fait-fausse-route\/","name":"Tribune I Lev\u00e9e des brevets : quand le d\u00e9bat public fait fausse route - Dhenne Avocats","isPartOf":{"@id":"https:\/\/www.dhenne-avocats.fr\/#website"},"primaryImageOfPage":{"@id":"https:\/\/www.dhenne-avocats.fr\/tribune-i-levee-des-brevets-quand-le-debat-public-fait-fausse-route\/#primaryimage"},"image":{"@id":"https:\/\/www.dhenne-avocats.fr\/tribune-i-levee-des-brevets-quand-le-debat-public-fait-fausse-route\/#primaryimage"},"thumbnailUrl":"https:\/\/www.dhenne-avocats.fr\/wp-content\/uploads\/2024\/03\/AdobeStock_327257834-scaled-2.jpeg","datePublished":"2021-05-14T07:30:29+00:00","dateModified":"2025-02-06T12:50:11+00:00","description":"Lisez l'article : Tribune I Lev\u00e9e des brevets : quand le d\u00e9bat public fait fausse route du blog Dhenne Avocats","breadcrumb":{"@id":"https:\/\/www.dhenne-avocats.fr\/tribune-i-levee-des-brevets-quand-le-debat-public-fait-fausse-route\/#breadcrumb"},"inLanguage":"en-GB","potentialAction":[{"@type":"ReadAction","target":["https:\/\/www.dhenne-avocats.fr\/tribune-i-levee-des-brevets-quand-le-debat-public-fait-fausse-route\/"]}]},{"@type":"ImageObject","inLanguage":"en-GB","@id":"https:\/\/www.dhenne-avocats.fr\/tribune-i-levee-des-brevets-quand-le-debat-public-fait-fausse-route\/#primaryimage","url":"https:\/\/www.dhenne-avocats.fr\/wp-content\/uploads\/2024\/03\/AdobeStock_327257834-scaled-2.jpeg","contentUrl":"https:\/\/www.dhenne-avocats.fr\/wp-content\/uploads\/2024\/03\/AdobeStock_327257834-scaled-2.jpeg","width":2560,"height":1707},{"@type":"BreadcrumbList","@id":"https:\/\/www.dhenne-avocats.fr\/tribune-i-levee-des-brevets-quand-le-debat-public-fait-fausse-route\/#breadcrumb","itemListElement":[{"@type":"ListItem","position":1,"name":"Accueil","item":"https:\/\/www.dhenne-avocats.fr\/"},{"@type":"ListItem","position":2,"name":"Tribune I Lev\u00e9e des brevets : quand le d\u00e9bat public fait fausse route"}]},{"@type":"WebSite","@id":"https:\/\/www.dhenne-avocats.fr\/#website","url":"https:\/\/www.dhenne-avocats.fr\/","name":"Dhenne Avocats","description":"Cabinet d&#039;avocats en droit des brevets","publisher":{"@id":"https:\/\/www.dhenne-avocats.fr\/#organization"},"potentialAction":[{"@type":"SearchAction","target":{"@type":"EntryPoint","urlTemplate":"https:\/\/www.dhenne-avocats.fr\/?s={search_term_string}"},"query-input":{"@type":"PropertyValueSpecification","valueRequired":true,"valueName":"search_term_string"}}],"inLanguage":"en-GB"},{"@type":"Organization","@id":"https:\/\/www.dhenne-avocats.fr\/#organization","name":"Dhenne Avocats","alternateName":"dhenne avocats","url":"https:\/\/www.dhenne-avocats.fr\/","logo":{"@type":"ImageObject","inLanguage":"en-GB","@id":"https:\/\/www.dhenne-avocats.fr\/#\/schema\/logo\/image\/","url":"https:\/\/www.dhenne-avocats.fr\/wp-content\/uploads\/2024\/03\/cropped-DhenneAvocats_Favicon_RVB_FullColor-1.png","contentUrl":"https:\/\/www.dhenne-avocats.fr\/wp-content\/uploads\/2024\/03\/cropped-DhenneAvocats_Favicon_RVB_FullColor-1.png","width":512,"height":512,"caption":"Dhenne Avocats"},"image":{"@id":"https:\/\/www.dhenne-avocats.fr\/#\/schema\/logo\/image\/"}},{"@type":"Person","@id":"https:\/\/www.dhenne-avocats.fr\/#\/schema\/person\/5a7426c68f341a547a6d8e49fe07cea7","name":"eajvi7G6Zv5P9","image":{"@type":"ImageObject","inLanguage":"en-GB","@id":"https:\/\/www.dhenne-avocats.fr\/#\/schema\/person\/image\/","url":"https:\/\/secure.gravatar.com\/avatar\/faaaaacf01055ee63a78e37c3014f990f3235015c2bdef148e716a6a8e39a842?s=96&d=mm&r=g","contentUrl":"https:\/\/secure.gravatar.com\/avatar\/faaaaacf01055ee63a78e37c3014f990f3235015c2bdef148e716a6a8e39a842?s=96&d=mm&r=g","caption":"eajvi7G6Zv5P9"},"sameAs":["https:\/\/www.dhenne-avocats.fr"]}]}},"_links":{"self":[{"href":"https:\/\/www.dhenne-avocats.fr\/en\/wp-json\/wp\/v2\/posts\/7881","targetHints":{"allow":["GET"]}}],"collection":[{"href":"https:\/\/www.dhenne-avocats.fr\/en\/wp-json\/wp\/v2\/posts"}],"about":[{"href":"https:\/\/www.dhenne-avocats.fr\/en\/wp-json\/wp\/v2\/types\/post"}],"author":[{"embeddable":true,"href":"https:\/\/www.dhenne-avocats.fr\/en\/wp-json\/wp\/v2\/users\/5"}],"replies":[{"embeddable":true,"href":"https:\/\/www.dhenne-avocats.fr\/en\/wp-json\/wp\/v2\/comments?post=7881"}],"version-history":[{"count":0,"href":"https:\/\/www.dhenne-avocats.fr\/en\/wp-json\/wp\/v2\/posts\/7881\/revisions"}],"wp:featuredmedia":[{"embeddable":true,"href":"https:\/\/www.dhenne-avocats.fr\/en\/wp-json\/wp\/v2\/media\/7866"}],"wp:attachment":[{"href":"https:\/\/www.dhenne-avocats.fr\/en\/wp-json\/wp\/v2\/media?parent=7881"}],"wp:term":[{"taxonomy":"category","embeddable":true,"href":"https:\/\/www.dhenne-avocats.fr\/en\/wp-json\/wp\/v2\/categories?post=7881"},{"taxonomy":"post_tag","embeddable":true,"href":"https:\/\/www.dhenne-avocats.fr\/en\/wp-json\/wp\/v2\/tags?post=7881"}],"curies":[{"name":"wp","href":"https:\/\/api.w.org\/{rel}","templated":true}]}}