{"id":10714,"date":"2025-10-01T09:12:24","date_gmt":"2025-10-01T09:12:24","guid":{"rendered":"https:\/\/www.dhenne-avocats.fr\/?p=10714"},"modified":"2025-09-25T09:12:55","modified_gmt":"2025-09-25T09:12:55","slug":"la-cession-partielle-de-brevet-entre-territoire-et-secteur-dactivite","status":"publish","type":"post","link":"https:\/\/www.dhenne-avocats.fr\/en\/la-cession-partielle-de-brevet-entre-territoire-et-secteur-dactivite\/","title":{"rendered":"La cession partielle de brevet : entre territoire et secteur d&rsquo;activit\u00e9"},"content":{"rendered":"<h2>Le principe de la transmission partielle des droits de brevet<\/h2>\n<p>Les droits attach\u00e9s \u00e0 une demande de brevet ou \u00e0 un brevet sont transmissibles en totalit\u00e9 ou en partie, selon l&rsquo;article L. 613-8 du Code de la propri\u00e9t\u00e9 intellectuelle. Cette disposition fondamentale du droit fran\u00e7ais des brevets \u00e9tablit clairement la possibilit\u00e9 de c\u00e9der partiellement un brevet, que ce soit par une cession d\u00e9finitive ou par l&rsquo;octroi d&rsquo;une licence d&rsquo;exploitation.<\/p>\n<p>Ils peuvent faire l&rsquo;objet, en totalit\u00e9 ou en partie, d&rsquo;une concession de licence d&rsquo;exploitation, exclusive ou non exclusive. Cette flexibilit\u00e9 contractuelle permet aux titulaires de brevets d&rsquo;adapter leurs strat\u00e9gies de valorisation selon leurs besoins \u00e9conomiques et leurs capacit\u00e9s d&rsquo;exploitation.<\/p>\n<h2>Les modalit\u00e9s de cession partielle par territoire<\/h2>\n<h3>La limitation territoriale de la cession<\/h3>\n<p>On peut toutefois ne c\u00e9der le titre que pour une exploitation limit\u00e9e \u00e0 une portion du territoire qu&rsquo;il couvre. Cette possibilit\u00e9 de limitation territoriale constitue l&rsquo;une des formes les plus courantes de cession partielle de brevet.<\/p>\n<p>En cas de limitation \u00e0 une partie du territoire, on se trouve dans un cas de copropri\u00e9t\u00e9 : <strong>la quote-part est cessible<\/strong>, sous r\u00e9serve du respect du droit de pr\u00e9emption. Cette situation juridique particuli\u00e8re cr\u00e9e des obligations sp\u00e9cifiques entre les copropri\u00e9taires du brevet.<\/p>\n<p>Le Code de la propri\u00e9t\u00e9 intellectuelle pr\u00e9cise d&rsquo;ailleurs que les copropri\u00e9taires disposent d&rsquo;un droit de pr\u00e9emption pendant un d\u00e9lai de trois mois \u00e0 compter de la notification du projet de cession.<\/p>\n<h3>Les contraintes juridiques de la cession territoriale<\/h3>\n<p>La cession peut porter soit sur la totalit\u00e9 soit sur une partie du droit de brevet. Cependant, cette libert\u00e9 contractuelle doit respecter certaines limites, notamment en mati\u00e8re de droit de la concurrence.<\/p>\n<p>Pour les brevets europ\u00e9ens, la r\u00e9glementation est plus restrictive :<strong> Il n&rsquo;est pas possible de r\u00e9aliser une cession pour une partie seulement d&rsquo;un \u00c9tat<\/strong>. En revanche, cela est possible pour une concession de licence.<\/p>\n<h2>La segmentation par secteur d&rsquo;activit\u00e9<\/h2>\n<h3>La licence partielle par domaine d&rsquo;application<\/h3>\n<p>La licence peut \u00eatre totale ou partielle. Cette possibilit\u00e9 s&rsquo;\u00e9tend \u00e9galement \u00e0 la segmentation par secteur d&rsquo;activit\u00e9 ou domaine d&rsquo;application de l&rsquo;invention brevet\u00e9e.<\/p>\n<p>De la m\u00eame mani\u00e8re, la licence peut \u00eatre totale ou partielle, en ce sens qu&rsquo;<strong>elle ne porte par exemple que sur un territoire donn\u00e9<\/strong> (ex : brevet couvrant le territoire europ\u00e9en avec des licences \u00e0 des acteurs distincts sur des territoires donn\u00e9s), ou que sur un secteur sp\u00e9cifique (ex : un licenci\u00e9 pour vendre des drones brevet\u00e9s pour une utilisation civile et un licenci\u00e9 pour le domaine militaire).<\/p>\n<h3>L&rsquo;\u00e9tendue de la licence sectorielle<\/h3>\n<p>La licence peut concerner le titre dans son entier ou se limiter \u00e0 certaines revendications ou applications de ces revendications, \u00e0 certains modes d&rsquo;exploitation du titre ou \u00e0 un territoire d\u00e9termin\u00e9. <strong>Cette flexibilit\u00e9 permet une exploitation optimis\u00e9e de l&rsquo;invention selon les comp\u00e9tences et les march\u00e9s de chaque licenci\u00e9.<\/strong><\/p>\n<p>Le contrat de licence, ici de brevet, est celui par lequel le titulaire d&rsquo;un brevet ou d&rsquo;une demande de brevet consent \u00e0 un tiers, en principe \u00e0 titre on\u00e9reux, une autorisation d&rsquo;exploitation pour tout ou partie de l&rsquo;objet couvert par le titre, autrement dit pour toutes ou seulement certaines des revendications.<\/p>\n<h2>Les obligations contractuelles et garanties<\/h2>\n<h3>Les formalit\u00e9s obligatoires<\/h3>\n<p>Les actes comportant une transmission ou une licence, vis\u00e9s aux deux premiers alin\u00e9as, sont <strong>constat\u00e9s par \u00e9crit<\/strong>, \u00e0 peine de nullit\u00e9. Cette exigence de forme \u00e9crite constitue une condition de validit\u00e9 imp\u00e9rative pour tous les contrats de cession ou de licence de brevet.<\/p>\n<p>Pour \u00eatre opposables aux tiers, tous les actes transmettant ou modifiant les droits attach\u00e9s \u00e0 une demande de brevet ou \u00e0 un brevet doivent, pour \u00eatre opposables aux tiers, \u00eatre inscrits sur un registre, dit Registre national des brevets.<\/p>\n<h3>Les garanties du c\u00e9dant<\/h3>\n<p>De plus, <strong>le c\u00e9dant a l&rsquo;obligation de remettre mat\u00e9riellement le titre du brevet au cessionnaire<\/strong> et l&rsquo;obligation de garantir le brevet contre les vices cach\u00e9s (par exemple la nullit\u00e9 du brevet ou l&rsquo;impossibilit\u00e9 d&rsquo;exploiter industriellement le brevet \u00e0 cause d&rsquo;un d\u00e9faut de conception de l&rsquo;invention) et contre des troubles d&rsquo;utilisation du brevet (appel\u00e9e garantie d&rsquo;\u00e9viction).<\/p>\n<h2>Les aspects fiscaux de la cession partielle<\/h2>\n<p>Le r\u00e9gime fiscal des cessions partielles de brevets varie selon les modalit\u00e9s de l&rsquo;op\u00e9ration. Un brevet d&rsquo;invention peut faire l&rsquo;objet soit d&rsquo;une cession, soit d&rsquo;une concession de licence d&rsquo;exploitation.<\/p>\n<p>Le r\u00e9gime fiscal auquel sont soumises les cessions de brevets d&rsquo;invention varie selon que ceux-ci font ou non l&rsquo;objet d&rsquo;une exploitation. Cette distinction influence directement les droits d&rsquo;enregistrement applicables.<\/p>\n<h2>L&rsquo;optimisation strat\u00e9gique de la valorisation<\/h2>\n<p>La possibilit\u00e9 de c\u00e9der partiellement un brevet offre aux titulaires de multiples strat\u00e9gies de valorisation. Les sch\u00e9mas sont donc nombreux en fonction de ce qui sera le plus pertinent au vu de l&rsquo;invention concern\u00e9e.<\/p>\n<p>Cette flexibilit\u00e9 permet notamment de :<\/p>\n<ul>\n<li>Maximiser les revenus en exploitant diff\u00e9rents march\u00e9s ou secteurs<\/li>\n<li>R\u00e9duire les risques en diversifiant les partenaires commerciaux<\/li>\n<\/ul>\n<p>La cession partielle de brevet, qu&rsquo;elle soit territoriale ou sectorielle, <strong>constitue donc un outil juridique et \u00e9conomique essentiel pour optimiser la valorisation des innovations<\/strong>. Le cadre l\u00e9gal fran\u00e7ais, \u00e9tabli par le Code de la propri\u00e9t\u00e9 intellectuelle, offre une grande souplesse contractuelle tout en maintenant les garanties n\u00e9cessaires \u00e0 la s\u00e9curit\u00e9 juridique des transactions.<\/p>","protected":false},"excerpt":{"rendered":"<p>Le principe de la transmission partielle des droits de brevet Les droits attach\u00e9s \u00e0 une demande de brevet ou \u00e0 un brevet sont transmissibles en totalit\u00e9 ou en partie, selon l&rsquo;article L. 613-8 du Code de la propri\u00e9t\u00e9 intellectuelle. Cette disposition fondamentale du droit fran\u00e7ais des brevets \u00e9tablit clairement la possibilit\u00e9 de c\u00e9der partiellement un [&hellip;]<\/p>","protected":false},"author":3,"featured_media":10728,"comment_status":"closed","ping_status":"closed","sticky":false,"template":"","format":"standard","meta":{"_acf_changed":false,"footnotes":""},"categories":[16],"tags":[],"class_list":["post-10714","post","type-post","status-publish","format-standard","has-post-thumbnail","hentry","category-brevets"],"acf":[],"yoast_head":"<!-- This site is optimized with the Yoast SEO plugin v25.6 - https:\/\/yoast.com\/wordpress\/plugins\/seo\/ -->\n<title>La cession partielle de brevet : entre territoire et secteur d&#039;activit\u00e9 - Dhenne Avocats<\/title>\n<meta name=\"description\" content=\"Lisez l&#039;article : La cession partielle de brevet : entre territoire et secteur d&#039;activit\u00e9 du blog Dhenne Avocats\" \/>\n<meta name=\"robots\" content=\"index, follow, max-snippet:-1, max-image-preview:large, max-video-preview:-1\" \/>\n<link rel=\"canonical\" href=\"https:\/\/www.dhenne-avocats.fr\/en\/la-cession-partielle-de-brevet-entre-territoire-et-secteur-dactivite\/\" \/>\n<meta property=\"og:locale\" content=\"en_GB\" \/>\n<meta property=\"og:type\" content=\"article\" \/>\n<meta property=\"og:title\" content=\"La cession partielle de brevet : entre territoire et secteur d&#039;activit\u00e9 - Dhenne Avocats\" \/>\n<meta property=\"og:description\" content=\"Lisez l&#039;article : La cession partielle de brevet : entre territoire et secteur d&#039;activit\u00e9 du blog Dhenne Avocats\" \/>\n<meta property=\"og:url\" content=\"https:\/\/www.dhenne-avocats.fr\/en\/la-cession-partielle-de-brevet-entre-territoire-et-secteur-dactivite\/\" \/>\n<meta property=\"og:site_name\" content=\"Dhenne Avocats\" \/>\n<meta property=\"article:published_time\" content=\"2025-10-01T09:12:24+00:00\" \/>\n<meta property=\"og:image\" content=\"https:\/\/www.dhenne-avocats.fr\/wp-content\/uploads\/2025\/09\/cession-partielle-brevet.jpg\" \/>\n\t<meta property=\"og:image:width\" content=\"1024\" \/>\n\t<meta property=\"og:image:height\" content=\"516\" \/>\n\t<meta property=\"og:image:type\" content=\"image\/jpeg\" \/>\n<meta name=\"author\" content=\"PlusQueProSEO\" \/>\n<meta name=\"twitter:card\" content=\"summary_large_image\" \/>\n<meta name=\"twitter:label1\" content=\"Written by\" \/>\n\t<meta name=\"twitter:data1\" content=\"PlusQueProSEO\" \/>\n\t<meta name=\"twitter:label2\" content=\"Estimated reading time\" \/>\n\t<meta name=\"twitter:data2\" content=\"5 minutes\" \/>\n<script type=\"application\/ld+json\" class=\"yoast-schema-graph\">{\"@context\":\"https:\/\/schema.org\",\"@graph\":[{\"@type\":\"Article\",\"@id\":\"https:\/\/www.dhenne-avocats.fr\/la-cession-partielle-de-brevet-entre-territoire-et-secteur-dactivite\/#article\",\"isPartOf\":{\"@id\":\"https:\/\/www.dhenne-avocats.fr\/la-cession-partielle-de-brevet-entre-territoire-et-secteur-dactivite\/\"},\"author\":{\"name\":\"PlusQueProSEO\",\"@id\":\"https:\/\/www.dhenne-avocats.fr\/#\/schema\/person\/2ad0577efc5f9c25ede860fb77eade0b\"},\"headline\":\"La cession partielle de brevet : entre territoire et secteur d&rsquo;activit\u00e9\",\"datePublished\":\"2025-10-01T09:12:24+00:00\",\"mainEntityOfPage\":{\"@id\":\"https:\/\/www.dhenne-avocats.fr\/la-cession-partielle-de-brevet-entre-territoire-et-secteur-dactivite\/\"},\"wordCount\":945,\"publisher\":{\"@id\":\"https:\/\/www.dhenne-avocats.fr\/#organization\"},\"image\":{\"@id\":\"https:\/\/www.dhenne-avocats.fr\/la-cession-partielle-de-brevet-entre-territoire-et-secteur-dactivite\/#primaryimage\"},\"thumbnailUrl\":\"https:\/\/www.dhenne-avocats.fr\/wp-content\/uploads\/2025\/09\/cession-partielle-brevet.jpg\",\"articleSection\":[\"Brevets\"],\"inLanguage\":\"en-GB\"},{\"@type\":\"WebPage\",\"@id\":\"https:\/\/www.dhenne-avocats.fr\/la-cession-partielle-de-brevet-entre-territoire-et-secteur-dactivite\/\",\"url\":\"https:\/\/www.dhenne-avocats.fr\/la-cession-partielle-de-brevet-entre-territoire-et-secteur-dactivite\/\",\"name\":\"La cession partielle de brevet : entre territoire et secteur d'activit\u00e9 - Dhenne Avocats\",\"isPartOf\":{\"@id\":\"https:\/\/www.dhenne-avocats.fr\/#website\"},\"primaryImageOfPage\":{\"@id\":\"https:\/\/www.dhenne-avocats.fr\/la-cession-partielle-de-brevet-entre-territoire-et-secteur-dactivite\/#primaryimage\"},\"image\":{\"@id\":\"https:\/\/www.dhenne-avocats.fr\/la-cession-partielle-de-brevet-entre-territoire-et-secteur-dactivite\/#primaryimage\"},\"thumbnailUrl\":\"https:\/\/www.dhenne-avocats.fr\/wp-content\/uploads\/2025\/09\/cession-partielle-brevet.jpg\",\"datePublished\":\"2025-10-01T09:12:24+00:00\",\"description\":\"Lisez l'article : La cession partielle de brevet : entre territoire et secteur d'activit\u00e9 du blog Dhenne Avocats\",\"breadcrumb\":{\"@id\":\"https:\/\/www.dhenne-avocats.fr\/la-cession-partielle-de-brevet-entre-territoire-et-secteur-dactivite\/#breadcrumb\"},\"inLanguage\":\"en-GB\",\"potentialAction\":[{\"@type\":\"ReadAction\",\"target\":[\"https:\/\/www.dhenne-avocats.fr\/la-cession-partielle-de-brevet-entre-territoire-et-secteur-dactivite\/\"]}]},{\"@type\":\"ImageObject\",\"inLanguage\":\"en-GB\",\"@id\":\"https:\/\/www.dhenne-avocats.fr\/la-cession-partielle-de-brevet-entre-territoire-et-secteur-dactivite\/#primaryimage\",\"url\":\"https:\/\/www.dhenne-avocats.fr\/wp-content\/uploads\/2025\/09\/cession-partielle-brevet.jpg\",\"contentUrl\":\"https:\/\/www.dhenne-avocats.fr\/wp-content\/uploads\/2025\/09\/cession-partielle-brevet.jpg\",\"width\":1024,\"height\":516},{\"@type\":\"BreadcrumbList\",\"@id\":\"https:\/\/www.dhenne-avocats.fr\/la-cession-partielle-de-brevet-entre-territoire-et-secteur-dactivite\/#breadcrumb\",\"itemListElement\":[{\"@type\":\"ListItem\",\"position\":1,\"name\":\"Accueil\",\"item\":\"https:\/\/www.dhenne-avocats.fr\/\"},{\"@type\":\"ListItem\",\"position\":2,\"name\":\"La cession partielle de brevet : entre territoire et secteur d&rsquo;activit\u00e9\"}]},{\"@type\":\"WebSite\",\"@id\":\"https:\/\/www.dhenne-avocats.fr\/#website\",\"url\":\"https:\/\/www.dhenne-avocats.fr\/\",\"name\":\"Dhenne Avocats\",\"description\":\"Cabinet d&#039;avocats en droit des brevets\",\"publisher\":{\"@id\":\"https:\/\/www.dhenne-avocats.fr\/#organization\"},\"potentialAction\":[{\"@type\":\"SearchAction\",\"target\":{\"@type\":\"EntryPoint\",\"urlTemplate\":\"https:\/\/www.dhenne-avocats.fr\/?s={search_term_string}\"},\"query-input\":{\"@type\":\"PropertyValueSpecification\",\"valueRequired\":true,\"valueName\":\"search_term_string\"}}],\"inLanguage\":\"en-GB\"},{\"@type\":\"Organization\",\"@id\":\"https:\/\/www.dhenne-avocats.fr\/#organization\",\"name\":\"Dhenne Avocats\",\"alternateName\":\"dhenne avocats\",\"url\":\"https:\/\/www.dhenne-avocats.fr\/\",\"logo\":{\"@type\":\"ImageObject\",\"inLanguage\":\"en-GB\",\"@id\":\"https:\/\/www.dhenne-avocats.fr\/#\/schema\/logo\/image\/\",\"url\":\"https:\/\/www.dhenne-avocats.fr\/wp-content\/uploads\/2024\/03\/cropped-DhenneAvocats_Favicon_RVB_FullColor-1.png\",\"contentUrl\":\"https:\/\/www.dhenne-avocats.fr\/wp-content\/uploads\/2024\/03\/cropped-DhenneAvocats_Favicon_RVB_FullColor-1.png\",\"width\":512,\"height\":512,\"caption\":\"Dhenne Avocats\"},\"image\":{\"@id\":\"https:\/\/www.dhenne-avocats.fr\/#\/schema\/logo\/image\/\"}},{\"@type\":\"Person\",\"@id\":\"https:\/\/www.dhenne-avocats.fr\/#\/schema\/person\/2ad0577efc5f9c25ede860fb77eade0b\",\"name\":\"PlusQueProSEO\",\"image\":{\"@type\":\"ImageObject\",\"inLanguage\":\"en-GB\",\"@id\":\"https:\/\/www.dhenne-avocats.fr\/#\/schema\/person\/image\/\",\"url\":\"https:\/\/secure.gravatar.com\/avatar\/1556967a51892e1f9afd116bf8b1dfd574d2350a8203840f09f35b50ba0d6590?s=96&d=mm&r=g\",\"contentUrl\":\"https:\/\/secure.gravatar.com\/avatar\/1556967a51892e1f9afd116bf8b1dfd574d2350a8203840f09f35b50ba0d6590?s=96&d=mm&r=g\",\"caption\":\"PlusQueProSEO\"}}]}<\/script>\n<!-- \/ Yoast SEO plugin. -->","yoast_head_json":{"title":"La cession partielle de brevet : entre territoire et secteur d'activit\u00e9 - Dhenne Avocats","description":"Lisez l'article : La cession partielle de brevet : entre territoire et secteur d'activit\u00e9 du blog Dhenne Avocats","robots":{"index":"index","follow":"follow","max-snippet":"max-snippet:-1","max-image-preview":"max-image-preview:large","max-video-preview":"max-video-preview:-1"},"canonical":"https:\/\/www.dhenne-avocats.fr\/en\/la-cession-partielle-de-brevet-entre-territoire-et-secteur-dactivite\/","og_locale":"en_GB","og_type":"article","og_title":"La cession partielle de brevet : entre territoire et secteur d'activit\u00e9 - Dhenne Avocats","og_description":"Lisez l'article : La cession partielle de brevet : entre territoire et secteur d'activit\u00e9 du blog Dhenne Avocats","og_url":"https:\/\/www.dhenne-avocats.fr\/en\/la-cession-partielle-de-brevet-entre-territoire-et-secteur-dactivite\/","og_site_name":"Dhenne Avocats","article_published_time":"2025-10-01T09:12:24+00:00","og_image":[{"width":1024,"height":516,"url":"https:\/\/www.dhenne-avocats.fr\/wp-content\/uploads\/2025\/09\/cession-partielle-brevet.jpg","type":"image\/jpeg"}],"author":"PlusQueProSEO","twitter_card":"summary_large_image","twitter_misc":{"Written by":"PlusQueProSEO","Estimated reading time":"5 minutes"},"schema":{"@context":"https:\/\/schema.org","@graph":[{"@type":"Article","@id":"https:\/\/www.dhenne-avocats.fr\/la-cession-partielle-de-brevet-entre-territoire-et-secteur-dactivite\/#article","isPartOf":{"@id":"https:\/\/www.dhenne-avocats.fr\/la-cession-partielle-de-brevet-entre-territoire-et-secteur-dactivite\/"},"author":{"name":"PlusQueProSEO","@id":"https:\/\/www.dhenne-avocats.fr\/#\/schema\/person\/2ad0577efc5f9c25ede860fb77eade0b"},"headline":"La cession partielle de brevet : entre territoire et secteur d&rsquo;activit\u00e9","datePublished":"2025-10-01T09:12:24+00:00","mainEntityOfPage":{"@id":"https:\/\/www.dhenne-avocats.fr\/la-cession-partielle-de-brevet-entre-territoire-et-secteur-dactivite\/"},"wordCount":945,"publisher":{"@id":"https:\/\/www.dhenne-avocats.fr\/#organization"},"image":{"@id":"https:\/\/www.dhenne-avocats.fr\/la-cession-partielle-de-brevet-entre-territoire-et-secteur-dactivite\/#primaryimage"},"thumbnailUrl":"https:\/\/www.dhenne-avocats.fr\/wp-content\/uploads\/2025\/09\/cession-partielle-brevet.jpg","articleSection":["Brevets"],"inLanguage":"en-GB"},{"@type":"WebPage","@id":"https:\/\/www.dhenne-avocats.fr\/la-cession-partielle-de-brevet-entre-territoire-et-secteur-dactivite\/","url":"https:\/\/www.dhenne-avocats.fr\/la-cession-partielle-de-brevet-entre-territoire-et-secteur-dactivite\/","name":"La cession partielle de brevet : entre territoire et secteur d'activit\u00e9 - Dhenne Avocats","isPartOf":{"@id":"https:\/\/www.dhenne-avocats.fr\/#website"},"primaryImageOfPage":{"@id":"https:\/\/www.dhenne-avocats.fr\/la-cession-partielle-de-brevet-entre-territoire-et-secteur-dactivite\/#primaryimage"},"image":{"@id":"https:\/\/www.dhenne-avocats.fr\/la-cession-partielle-de-brevet-entre-territoire-et-secteur-dactivite\/#primaryimage"},"thumbnailUrl":"https:\/\/www.dhenne-avocats.fr\/wp-content\/uploads\/2025\/09\/cession-partielle-brevet.jpg","datePublished":"2025-10-01T09:12:24+00:00","description":"Lisez l'article : La cession partielle de brevet : entre territoire et secteur d'activit\u00e9 du blog Dhenne Avocats","breadcrumb":{"@id":"https:\/\/www.dhenne-avocats.fr\/la-cession-partielle-de-brevet-entre-territoire-et-secteur-dactivite\/#breadcrumb"},"inLanguage":"en-GB","potentialAction":[{"@type":"ReadAction","target":["https:\/\/www.dhenne-avocats.fr\/la-cession-partielle-de-brevet-entre-territoire-et-secteur-dactivite\/"]}]},{"@type":"ImageObject","inLanguage":"en-GB","@id":"https:\/\/www.dhenne-avocats.fr\/la-cession-partielle-de-brevet-entre-territoire-et-secteur-dactivite\/#primaryimage","url":"https:\/\/www.dhenne-avocats.fr\/wp-content\/uploads\/2025\/09\/cession-partielle-brevet.jpg","contentUrl":"https:\/\/www.dhenne-avocats.fr\/wp-content\/uploads\/2025\/09\/cession-partielle-brevet.jpg","width":1024,"height":516},{"@type":"BreadcrumbList","@id":"https:\/\/www.dhenne-avocats.fr\/la-cession-partielle-de-brevet-entre-territoire-et-secteur-dactivite\/#breadcrumb","itemListElement":[{"@type":"ListItem","position":1,"name":"Accueil","item":"https:\/\/www.dhenne-avocats.fr\/"},{"@type":"ListItem","position":2,"name":"La cession partielle de brevet : entre territoire et secteur d&rsquo;activit\u00e9"}]},{"@type":"WebSite","@id":"https:\/\/www.dhenne-avocats.fr\/#website","url":"https:\/\/www.dhenne-avocats.fr\/","name":"Dhenne Avocats","description":"Cabinet d&#039;avocats en droit des brevets","publisher":{"@id":"https:\/\/www.dhenne-avocats.fr\/#organization"},"potentialAction":[{"@type":"SearchAction","target":{"@type":"EntryPoint","urlTemplate":"https:\/\/www.dhenne-avocats.fr\/?s={search_term_string}"},"query-input":{"@type":"PropertyValueSpecification","valueRequired":true,"valueName":"search_term_string"}}],"inLanguage":"en-GB"},{"@type":"Organization","@id":"https:\/\/www.dhenne-avocats.fr\/#organization","name":"Dhenne Avocats","alternateName":"dhenne avocats","url":"https:\/\/www.dhenne-avocats.fr\/","logo":{"@type":"ImageObject","inLanguage":"en-GB","@id":"https:\/\/www.dhenne-avocats.fr\/#\/schema\/logo\/image\/","url":"https:\/\/www.dhenne-avocats.fr\/wp-content\/uploads\/2024\/03\/cropped-DhenneAvocats_Favicon_RVB_FullColor-1.png","contentUrl":"https:\/\/www.dhenne-avocats.fr\/wp-content\/uploads\/2024\/03\/cropped-DhenneAvocats_Favicon_RVB_FullColor-1.png","width":512,"height":512,"caption":"Dhenne Avocats"},"image":{"@id":"https:\/\/www.dhenne-avocats.fr\/#\/schema\/logo\/image\/"}},{"@type":"Person","@id":"https:\/\/www.dhenne-avocats.fr\/#\/schema\/person\/2ad0577efc5f9c25ede860fb77eade0b","name":"PlusQueProSEO","image":{"@type":"ImageObject","inLanguage":"en-GB","@id":"https:\/\/www.dhenne-avocats.fr\/#\/schema\/person\/image\/","url":"https:\/\/secure.gravatar.com\/avatar\/1556967a51892e1f9afd116bf8b1dfd574d2350a8203840f09f35b50ba0d6590?s=96&d=mm&r=g","contentUrl":"https:\/\/secure.gravatar.com\/avatar\/1556967a51892e1f9afd116bf8b1dfd574d2350a8203840f09f35b50ba0d6590?s=96&d=mm&r=g","caption":"PlusQueProSEO"}}]}},"_links":{"self":[{"href":"https:\/\/www.dhenne-avocats.fr\/en\/wp-json\/wp\/v2\/posts\/10714","targetHints":{"allow":["GET"]}}],"collection":[{"href":"https:\/\/www.dhenne-avocats.fr\/en\/wp-json\/wp\/v2\/posts"}],"about":[{"href":"https:\/\/www.dhenne-avocats.fr\/en\/wp-json\/wp\/v2\/types\/post"}],"author":[{"embeddable":true,"href":"https:\/\/www.dhenne-avocats.fr\/en\/wp-json\/wp\/v2\/users\/3"}],"replies":[{"embeddable":true,"href":"https:\/\/www.dhenne-avocats.fr\/en\/wp-json\/wp\/v2\/comments?post=10714"}],"version-history":[{"count":0,"href":"https:\/\/www.dhenne-avocats.fr\/en\/wp-json\/wp\/v2\/posts\/10714\/revisions"}],"wp:featuredmedia":[{"embeddable":true,"href":"https:\/\/www.dhenne-avocats.fr\/en\/wp-json\/wp\/v2\/media\/10728"}],"wp:attachment":[{"href":"https:\/\/www.dhenne-avocats.fr\/en\/wp-json\/wp\/v2\/media?parent=10714"}],"wp:term":[{"taxonomy":"category","embeddable":true,"href":"https:\/\/www.dhenne-avocats.fr\/en\/wp-json\/wp\/v2\/categories?post=10714"},{"taxonomy":"post_tag","embeddable":true,"href":"https:\/\/www.dhenne-avocats.fr\/en\/wp-json\/wp\/v2\/tags?post=10714"}],"curies":[{"name":"wp","href":"https:\/\/api.w.org\/{rel}","templated":true}]}}