{"id":10646,"date":"2025-06-19T14:34:33","date_gmt":"2025-06-19T14:34:33","guid":{"rendered":"https:\/\/www.dhenne-avocats.fr\/?p=10646"},"modified":"2026-08-28T01:21:52","modified_gmt":"2026-08-28T01:21:52","slug":"deux-ans-de-jub-une-lecture-critique-et-juridique-de-la-juridiction-unifiee-du-brevet","status":"publish","type":"post","link":"https:\/\/www.dhenne-avocats.fr\/en\/deux-ans-de-jub-une-lecture-critique-et-juridique-de-la-juridiction-unifiee-du-brevet\/","title":{"rendered":"Two years of the UPC: a critical legal reading of the Unified Patent Court"},"content":{"rendered":"<p><strong>Le 1<\/strong><strong>\u1d49\u02b3<\/strong><strong> juin 2023<\/strong>, the Unified Patent Court (<a href=\"\/en\/fields-of-expertise\/jub\/\">UPC<\/a>) formally began operating, giving effect to a long-awaited reform of patent litigation in Europe. Two years on, it is time to move from surface commentary to a <strong>analyse structur\u00e9e et critique<\/strong>.<\/p>\n<p>That is the purpose of the series of articles we are launching today: a <strong>enqu\u00eate doctrinale et strat\u00e9gique<\/strong>, at the rate of <strong>two publications a week until the end of July<\/strong>, intended to bring out the strengths and the fault lines of the judicial system thus established.<\/p>\n<h2>A multi-level exploration of the UPC system<\/h2>\n<p>Beyond the fanfare that accompanied the birth of the UPC, <strong>the time has come to examine how it actually works \u2014 its aporias, its potential and its tensions<\/strong>.<\/p>\n<p>The UPC rests on a <strong>structural balance that is in many respects paradoxical<\/strong>. Born of an international treaty, it nonetheless sits squarely within the normative environment of the European Union, whose rules it applies and whose tensions it undergoes. Presented as a court with <strong>exclusive jurisdiction over unitary patents<\/strong>, it nevertheless coexists, under the current transitional regime, with the national courts \u2014 at the risk of fragmenting litigation.<\/p>\n<p>Pens\u00e9e comme un <strong>instrument de centralisation<\/strong>, it is in reality organised around a complex web of local, regional and central divisions, which introduces forum considerations and even competition between courts <strong>strat\u00e9gie proc\u00e9durale exigeante<\/strong>, o\u00f9 chaque choix\u00a0: juridiction, langue, calendrier, peut s\u2019av\u00e9rer d\u00e9terminant, voire risqu\u00e9.<\/p>\n<p><strong>As an unprecedented judicial experiment, the UPC cannot be assessed by a simple stocktaking.<\/strong> It must be examined in its workings: what logic truly governs its organisation? What institutional autonomy is guaranteed to it? How does it interact with the national and European legal orders? And what does its practical use reveal for those who rely on the system \u2014 SMEs, inventors and patent proprietors?<\/p>\n<p>Each article in this series will address one of those aspects, <strong>\u00e0 la lumi\u00e8re de d\u00e9cisions rendues, de textes applicables, mais aussi de la pratique contentieuse en cours de structuration<\/strong>.<\/p>\n<h2>A series launched to mark the UPC\u2019s second anniversary<\/h2>\n<p>This legal and doctrinal project is set in a symbolic timeframe: the Court\u2019s first two years of activity.<\/p>\n<p>Two years in the course of which:<\/p>\n<ul>\n<li>The German local divisions have established themselves as the de facto leading forums;<\/li>\n<li>The rate at which first-instance decisions are overturned on appeal already allows telling statistical trends to be identified;<\/li>\n<li>The question whether the UPC is legitimately a \u201ccourt of a Member State\u201d within the meaning of Article 267 TFEU has been squarely raised;<\/li>\n<li>The effects of Brexit on opt-out and validation mechanisms have been closely examined.<\/li>\n<\/ul>\n<p>These first analyses have already been published on the <a href=\"https:\/\/patentblog.kluweriplaw.com\/author\/matthieu-dhenne\/\">Kluwer Patent Blog<\/a><\/p>\n<ul>\n<li><strong>Du Hast, But Not So Fast: an analysis of the rate at which decisions are overturned on appeal<\/strong><\/li>\n<li><strong>Discordant Frequencies: questioning the judicial nature of the UPC under EU law<\/strong><\/li>\n<li><strong>UPC After Brexit: the trajectory and resilience of UK law in the post-UPC ecosystem<\/strong><\/li>\n<li><strong>Licence to File: opt-out and post-Brexit validation strategies for UK patent proprietors<\/strong><\/li>\n<li><strong>Litigating in Inception: mapping the layers of litigation and reflections on restoring coherence<\/strong><\/li>\n<\/ul>\n<h2>What lies ahead in the coming weeks<\/h2>\n<p>The next articles will pursue the same analytical approach, combining substantive law, procedure, litigation strategy and institutional analysis.<\/p>\n<p>Each article will add a piece to the puzzle \u2014 sometimes expected, often not. The UPC is being built in real time; it falls to us to decode its mechanics.<\/p>\n<p><!-- DA-MAILLAGE --><\/p>\n<div class=\"da-maillage\">\n<p class=\"da-maillage__titre\">Further reading<\/p>\n<ul class=\"da-maillage__liste\">\n<li><a href=\"\/en\/contentieux-des-brevets\/unified-patent-jurisdiction\/\">The Unified Patent Court (UPC)<\/a><\/li>\n<li><a href=\"\/en\/contentieux-des-brevets\/\">Patent litigation<\/a><\/li>\n<\/ul>\n<\/div>\n<p><!-- \/DA-MAILLAGE --><\/p>","protected":false},"excerpt":{"rendered":"<p>Le 1\u1d49\u02b3 juin 2023, la Juridiction Unifi\u00e9e du Brevet (JUB) entrait officiellement en fonction, concr\u00e9tisant une r\u00e9forme attendue de longue date du contentieux des brevets en Europe. Deux ann\u00e9es plus tard, il est temps de passer du commentaire de surface \u00e0 une analyse structur\u00e9e et critique. C\u2019est dans cette perspective que s\u2019inscrit la s\u00e9rie d\u2019articles [&hellip;]<\/p>\n","protected":false},"author":3,"featured_media":10649,"comment_status":"closed","ping_status":"closed","sticky":false,"template":"","format":"standard","meta":{"_acf_changed":false,"footnotes":""},"categories":[7],"tags":[],"class_list":["post-10646","post","type-post","status-publish","format-standard","has-post-thumbnail","hentry","category-jub"],"acf":[],"yoast_head":"<!-- This site is optimized with the Yoast SEO plugin v28.2 - https:\/\/yoast.com\/product\/yoast-seo-wordpress\/ -->\n<title>Deux ans de JUB : une lecture critique et juridique de la Juridiction Unifi\u00e9e du Brevet - Dhenne Avocats<\/title>\n<meta name=\"description\" content=\"Les deux premi\u00e8res ann\u00e9es de la Juridiction unifi\u00e9e du brevet (JUB) : jurisprudence, proc\u00e9dure et enjeux, par le cabinet Dhenne Avocats.\" \/>\n<meta name=\"robots\" content=\"index, follow, max-snippet:-1, max-image-preview:large, max-video-preview:-1\" \/>\n<link rel=\"canonical\" href=\"https:\/\/www.dhenne-avocats.fr\/en\/deux-ans-de-jub-une-lecture-critique-et-juridique-de-la-juridiction-unifiee-du-brevet\/\" \/>\n<meta property=\"og:locale\" content=\"en_GB\" \/>\n<meta property=\"og:type\" content=\"article\" \/>\n<meta property=\"og:title\" content=\"Deux ans de JUB : une lecture critique et juridique de la Juridiction Unifi\u00e9e du Brevet - Dhenne Avocats\" \/>\n<meta property=\"og:description\" content=\"Les deux premi\u00e8res ann\u00e9es de la Juridiction unifi\u00e9e du brevet (JUB) : jurisprudence, proc\u00e9dure et enjeux, par le cabinet Dhenne Avocats.\" \/>\n<meta property=\"og:url\" content=\"https:\/\/www.dhenne-avocats.fr\/en\/deux-ans-de-jub-une-lecture-critique-et-juridique-de-la-juridiction-unifiee-du-brevet\/\" \/>\n<meta property=\"og:site_name\" content=\"Dhenne Avocats\" \/>\n<meta property=\"article:published_time\" content=\"2025-06-19T14:34:33+00:00\" \/>\n<meta property=\"article:modified_time\" content=\"2026-08-28T01:21:52+00:00\" \/>\n<meta property=\"og:image\" content=\"https:\/\/www.dhenne-avocats.fr\/wp-content\/uploads\/2025\/06\/deux-ans-jub.jpg\" \/>\n\t<meta property=\"og:image:width\" content=\"1024\" \/>\n\t<meta property=\"og:image:height\" content=\"620\" \/>\n\t<meta property=\"og:image:type\" content=\"image\/jpeg\" \/>\n<meta name=\"author\" content=\"PlusQueProSEO\" \/>\n<meta name=\"twitter:card\" content=\"summary_large_image\" \/>\n<meta name=\"twitter:creator\" content=\"@DhenneAvocats\" \/>\n<meta name=\"twitter:site\" content=\"@DhenneAvocats\" \/>\n<meta name=\"twitter:label1\" content=\"Written by\" \/>\n\t<meta name=\"twitter:data1\" content=\"PlusQueProSEO\" \/>\n\t<meta name=\"twitter:label2\" content=\"Estimated reading time\" \/>\n\t<meta name=\"twitter:data2\" content=\"4 minutes\" \/>\n<script type=\"application\/ld+json\" class=\"yoast-schema-graph\">{\"@context\":\"https:\\\/\\\/schema.org\",\"@graph\":[{\"@type\":\"Article\",\"@id\":\"https:\\\/\\\/www.dhenne-avocats.fr\\\/deux-ans-de-jub-une-lecture-critique-et-juridique-de-la-juridiction-unifiee-du-brevet\\\/#article\",\"isPartOf\":{\"@id\":\"https:\\\/\\\/www.dhenne-avocats.fr\\\/deux-ans-de-jub-une-lecture-critique-et-juridique-de-la-juridiction-unifiee-du-brevet\\\/\"},\"author\":{\"name\":\"PlusQueProSEO\",\"@id\":\"https:\\\/\\\/www.dhenne-avocats.fr\\\/#\\\/schema\\\/person\\\/2ad0577efc5f9c25ede860fb77eade0b\"},\"headline\":\"Deux ans de JUB : une lecture critique et juridique de la Juridiction Unifi\u00e9e du Brevet\",\"datePublished\":\"2025-06-19T14:34:33+00:00\",\"dateModified\":\"2026-08-28T01:21:52+00:00\",\"mainEntityOfPage\":{\"@id\":\"https:\\\/\\\/www.dhenne-avocats.fr\\\/deux-ans-de-jub-une-lecture-critique-et-juridique-de-la-juridiction-unifiee-du-brevet\\\/\"},\"wordCount\":709,\"publisher\":{\"@id\":\"https:\\\/\\\/www.dhenne-avocats.fr\\\/#organization\"},\"image\":{\"@id\":\"https:\\\/\\\/www.dhenne-avocats.fr\\\/deux-ans-de-jub-une-lecture-critique-et-juridique-de-la-juridiction-unifiee-du-brevet\\\/#primaryimage\"},\"thumbnailUrl\":\"https:\\\/\\\/www.dhenne-avocats.fr\\\/wp-content\\\/uploads\\\/2025\\\/06\\\/deux-ans-jub.jpg\",\"articleSection\":[\"JUB\"],\"inLanguage\":\"en-GB\"},{\"@type\":\"WebPage\",\"@id\":\"https:\\\/\\\/www.dhenne-avocats.fr\\\/deux-ans-de-jub-une-lecture-critique-et-juridique-de-la-juridiction-unifiee-du-brevet\\\/\",\"url\":\"https:\\\/\\\/www.dhenne-avocats.fr\\\/deux-ans-de-jub-une-lecture-critique-et-juridique-de-la-juridiction-unifiee-du-brevet\\\/\",\"name\":\"Deux ans de JUB : une lecture critique et juridique de la Juridiction Unifi\u00e9e du Brevet - Dhenne Avocats\",\"isPartOf\":{\"@id\":\"https:\\\/\\\/www.dhenne-avocats.fr\\\/#website\"},\"primaryImageOfPage\":{\"@id\":\"https:\\\/\\\/www.dhenne-avocats.fr\\\/deux-ans-de-jub-une-lecture-critique-et-juridique-de-la-juridiction-unifiee-du-brevet\\\/#primaryimage\"},\"image\":{\"@id\":\"https:\\\/\\\/www.dhenne-avocats.fr\\\/deux-ans-de-jub-une-lecture-critique-et-juridique-de-la-juridiction-unifiee-du-brevet\\\/#primaryimage\"},\"thumbnailUrl\":\"https:\\\/\\\/www.dhenne-avocats.fr\\\/wp-content\\\/uploads\\\/2025\\\/06\\\/deux-ans-jub.jpg\",\"datePublished\":\"2025-06-19T14:34:33+00:00\",\"dateModified\":\"2026-08-28T01:21:52+00:00\",\"description\":\"Les deux premi\u00e8res ann\u00e9es de la Juridiction unifi\u00e9e du brevet (JUB) : jurisprudence, proc\u00e9dure et enjeux, par le cabinet Dhenne Avocats.\",\"breadcrumb\":{\"@id\":\"https:\\\/\\\/www.dhenne-avocats.fr\\\/deux-ans-de-jub-une-lecture-critique-et-juridique-de-la-juridiction-unifiee-du-brevet\\\/#breadcrumb\"},\"inLanguage\":\"en-GB\",\"potentialAction\":[{\"@type\":\"ReadAction\",\"target\":[\"https:\\\/\\\/www.dhenne-avocats.fr\\\/deux-ans-de-jub-une-lecture-critique-et-juridique-de-la-juridiction-unifiee-du-brevet\\\/\"]}]},{\"@type\":\"ImageObject\",\"inLanguage\":\"en-GB\",\"@id\":\"https:\\\/\\\/www.dhenne-avocats.fr\\\/deux-ans-de-jub-une-lecture-critique-et-juridique-de-la-juridiction-unifiee-du-brevet\\\/#primaryimage\",\"url\":\"https:\\\/\\\/www.dhenne-avocats.fr\\\/wp-content\\\/uploads\\\/2025\\\/06\\\/deux-ans-jub.jpg\",\"contentUrl\":\"https:\\\/\\\/www.dhenne-avocats.fr\\\/wp-content\\\/uploads\\\/2025\\\/06\\\/deux-ans-jub.jpg\",\"width\":1024,\"height\":620,\"caption\":\"Illustration : les deux ans de la Juridiction unifi\u00e9e du brevet (JUB)\"},{\"@type\":\"BreadcrumbList\",\"@id\":\"https:\\\/\\\/www.dhenne-avocats.fr\\\/deux-ans-de-jub-une-lecture-critique-et-juridique-de-la-juridiction-unifiee-du-brevet\\\/#breadcrumb\",\"itemListElement\":[{\"@type\":\"ListItem\",\"position\":1,\"name\":\"Accueil\",\"item\":\"https:\\\/\\\/www.dhenne-avocats.fr\\\/\"},{\"@type\":\"ListItem\",\"position\":2,\"name\":\"Deux ans de JUB : une lecture critique et juridique de la Juridiction Unifi\u00e9e du Brevet\"}]},{\"@type\":\"WebSite\",\"@id\":\"https:\\\/\\\/www.dhenne-avocats.fr\\\/#website\",\"url\":\"https:\\\/\\\/www.dhenne-avocats.fr\\\/\",\"name\":\"Dhenne Avocats\",\"description\":\"Cabinet d&#039;avocats en droit des brevets\",\"publisher\":{\"@id\":\"https:\\\/\\\/www.dhenne-avocats.fr\\\/#organization\"},\"potentialAction\":[{\"@type\":\"SearchAction\",\"target\":{\"@type\":\"EntryPoint\",\"urlTemplate\":\"https:\\\/\\\/www.dhenne-avocats.fr\\\/?s={search_term_string}\"},\"query-input\":{\"@type\":\"PropertyValueSpecification\",\"valueRequired\":true,\"valueName\":\"search_term_string\"}}],\"inLanguage\":\"en-GB\"},{\"@type\":\"Organization\",\"@id\":\"https:\\\/\\\/www.dhenne-avocats.fr\\\/#organization\",\"name\":\"Dhenne Avocats\",\"alternateName\":\"dhenne avocats\",\"url\":\"https:\\\/\\\/www.dhenne-avocats.fr\\\/\",\"logo\":{\"@type\":\"ImageObject\",\"inLanguage\":\"en-GB\",\"@id\":\"https:\\\/\\\/www.dhenne-avocats.fr\\\/#\\\/schema\\\/logo\\\/image\\\/\",\"url\":\"https:\\\/\\\/www.dhenne-avocats.fr\\\/wp-content\\\/uploads\\\/2024\\\/03\\\/cropped-DhenneAvocats_Favicon_RVB_FullColor-1.png\",\"contentUrl\":\"https:\\\/\\\/www.dhenne-avocats.fr\\\/wp-content\\\/uploads\\\/2024\\\/03\\\/cropped-DhenneAvocats_Favicon_RVB_FullColor-1.png\",\"width\":512,\"height\":512,\"caption\":\"Dhenne Avocats\"},\"image\":{\"@id\":\"https:\\\/\\\/www.dhenne-avocats.fr\\\/#\\\/schema\\\/logo\\\/image\\\/\"},\"sameAs\":[\"https:\\\/\\\/x.com\\\/DhenneAvocats\",\"https:\\\/\\\/www.linkedin.com\\\/company\\\/dhenne-avocat\\\/\"]},{\"@type\":\"Person\",\"@id\":\"https:\\\/\\\/www.dhenne-avocats.fr\\\/#\\\/schema\\\/person\\\/2ad0577efc5f9c25ede860fb77eade0b\",\"name\":\"PlusQueProSEO\",\"image\":{\"@type\":\"ImageObject\",\"inLanguage\":\"en-GB\",\"@id\":\"https:\\\/\\\/secure.gravatar.com\\\/avatar\\\/1556967a51892e1f9afd116bf8b1dfd574d2350a8203840f09f35b50ba0d6590?s=96&d=mm&r=g\",\"url\":\"https:\\\/\\\/secure.gravatar.com\\\/avatar\\\/1556967a51892e1f9afd116bf8b1dfd574d2350a8203840f09f35b50ba0d6590?s=96&d=mm&r=g\",\"contentUrl\":\"https:\\\/\\\/secure.gravatar.com\\\/avatar\\\/1556967a51892e1f9afd116bf8b1dfd574d2350a8203840f09f35b50ba0d6590?s=96&d=mm&r=g\",\"caption\":\"PlusQueProSEO\"}}]}<\/script>\n<!-- \/ Yoast SEO plugin. -->","yoast_head_json":{"title":"Two years of the UPC: a critical legal reading of the Unified Patent Court - Dhenne Avocats","description":"The first two years of the Unified Patent Court (UPC): case law, procedure and what is at stake, by Dhenne Avocats.","robots":{"index":"index","follow":"follow","max-snippet":"max-snippet:-1","max-image-preview":"max-image-preview:large","max-video-preview":"max-video-preview:-1"},"canonical":"https:\/\/www.dhenne-avocats.fr\/en\/deux-ans-de-jub-une-lecture-critique-et-juridique-de-la-juridiction-unifiee-du-brevet\/","og_locale":"en_GB","og_type":"article","og_title":"Deux ans de JUB : une lecture critique et juridique de la Juridiction Unifi\u00e9e du Brevet - Dhenne Avocats","og_description":"Les deux premi\u00e8res ann\u00e9es de la Juridiction unifi\u00e9e du brevet (JUB) : jurisprudence, proc\u00e9dure et enjeux, par le cabinet Dhenne Avocats.","og_url":"https:\/\/www.dhenne-avocats.fr\/en\/deux-ans-de-jub-une-lecture-critique-et-juridique-de-la-juridiction-unifiee-du-brevet\/","og_site_name":"Dhenne Avocats","article_published_time":"2025-06-19T14:34:33+00:00","article_modified_time":"2026-08-28T01:21:52+00:00","og_image":[{"width":1024,"height":620,"url":"https:\/\/www.dhenne-avocats.fr\/wp-content\/uploads\/2025\/06\/deux-ans-jub.jpg","type":"image\/jpeg"}],"author":"PlusQueProSEO","twitter_card":"summary_large_image","twitter_creator":"@DhenneAvocats","twitter_site":"@DhenneAvocats","twitter_misc":{"Written by":"PlusQueProSEO","Estimated reading time":"4 minutes"},"schema":{"@context":"https:\/\/schema.org","@graph":[{"@type":"Article","@id":"https:\/\/www.dhenne-avocats.fr\/deux-ans-de-jub-une-lecture-critique-et-juridique-de-la-juridiction-unifiee-du-brevet\/#article","isPartOf":{"@id":"https:\/\/www.dhenne-avocats.fr\/deux-ans-de-jub-une-lecture-critique-et-juridique-de-la-juridiction-unifiee-du-brevet\/"},"author":{"name":"PlusQueProSEO","@id":"https:\/\/www.dhenne-avocats.fr\/#\/schema\/person\/2ad0577efc5f9c25ede860fb77eade0b"},"headline":"Deux ans de JUB : une lecture critique et juridique de la Juridiction Unifi\u00e9e du Brevet","datePublished":"2025-06-19T14:34:33+00:00","dateModified":"2026-08-28T01:21:52+00:00","mainEntityOfPage":{"@id":"https:\/\/www.dhenne-avocats.fr\/deux-ans-de-jub-une-lecture-critique-et-juridique-de-la-juridiction-unifiee-du-brevet\/"},"wordCount":709,"publisher":{"@id":"https:\/\/www.dhenne-avocats.fr\/#organization"},"image":{"@id":"https:\/\/www.dhenne-avocats.fr\/deux-ans-de-jub-une-lecture-critique-et-juridique-de-la-juridiction-unifiee-du-brevet\/#primaryimage"},"thumbnailUrl":"https:\/\/www.dhenne-avocats.fr\/wp-content\/uploads\/2025\/06\/deux-ans-jub.jpg","articleSection":["JUB"],"inLanguage":"en-GB"},{"@type":"WebPage","@id":"https:\/\/www.dhenne-avocats.fr\/deux-ans-de-jub-une-lecture-critique-et-juridique-de-la-juridiction-unifiee-du-brevet\/","url":"https:\/\/www.dhenne-avocats.fr\/deux-ans-de-jub-une-lecture-critique-et-juridique-de-la-juridiction-unifiee-du-brevet\/","name":"Two years of the UPC: a critical legal reading of the Unified Patent Court - Dhenne Avocats","isPartOf":{"@id":"https:\/\/www.dhenne-avocats.fr\/#website"},"primaryImageOfPage":{"@id":"https:\/\/www.dhenne-avocats.fr\/deux-ans-de-jub-une-lecture-critique-et-juridique-de-la-juridiction-unifiee-du-brevet\/#primaryimage"},"image":{"@id":"https:\/\/www.dhenne-avocats.fr\/deux-ans-de-jub-une-lecture-critique-et-juridique-de-la-juridiction-unifiee-du-brevet\/#primaryimage"},"thumbnailUrl":"https:\/\/www.dhenne-avocats.fr\/wp-content\/uploads\/2025\/06\/deux-ans-jub.jpg","datePublished":"2025-06-19T14:34:33+00:00","dateModified":"2026-08-28T01:21:52+00:00","description":"The first two years of the Unified Patent Court (UPC): case law, procedure and what is at stake, by Dhenne Avocats.","breadcrumb":{"@id":"https:\/\/www.dhenne-avocats.fr\/deux-ans-de-jub-une-lecture-critique-et-juridique-de-la-juridiction-unifiee-du-brevet\/#breadcrumb"},"inLanguage":"en-GB","potentialAction":[{"@type":"ReadAction","target":["https:\/\/www.dhenne-avocats.fr\/deux-ans-de-jub-une-lecture-critique-et-juridique-de-la-juridiction-unifiee-du-brevet\/"]}]},{"@type":"ImageObject","inLanguage":"en-GB","@id":"https:\/\/www.dhenne-avocats.fr\/deux-ans-de-jub-une-lecture-critique-et-juridique-de-la-juridiction-unifiee-du-brevet\/#primaryimage","url":"https:\/\/www.dhenne-avocats.fr\/wp-content\/uploads\/2025\/06\/deux-ans-jub.jpg","contentUrl":"https:\/\/www.dhenne-avocats.fr\/wp-content\/uploads\/2025\/06\/deux-ans-jub.jpg","width":1024,"height":620,"caption":"Illustration : les deux ans de la Juridiction unifi\u00e9e du brevet (JUB)"},{"@type":"BreadcrumbList","@id":"https:\/\/www.dhenne-avocats.fr\/deux-ans-de-jub-une-lecture-critique-et-juridique-de-la-juridiction-unifiee-du-brevet\/#breadcrumb","itemListElement":[{"@type":"ListItem","position":1,"name":"Accueil","item":"https:\/\/www.dhenne-avocats.fr\/"},{"@type":"ListItem","position":2,"name":"Deux ans de JUB : une lecture critique et juridique de la Juridiction Unifi\u00e9e du Brevet"}]},{"@type":"WebSite","@id":"https:\/\/www.dhenne-avocats.fr\/#website","url":"https:\/\/www.dhenne-avocats.fr\/","name":"Dhenne Lawyers","description":"Patent law firm","publisher":{"@id":"https:\/\/www.dhenne-avocats.fr\/#organization"},"potentialAction":[{"@type":"SearchAction","target":{"@type":"EntryPoint","urlTemplate":"https:\/\/www.dhenne-avocats.fr\/?s={search_term_string}"},"query-input":{"@type":"PropertyValueSpecification","valueRequired":true,"valueName":"search_term_string"}}],"inLanguage":"en-GB"},{"@type":"Organization","@id":"https:\/\/www.dhenne-avocats.fr\/#organization","name":"Dhenne Lawyers","alternateName":"dhenne avocats","url":"https:\/\/www.dhenne-avocats.fr\/","logo":{"@type":"ImageObject","inLanguage":"en-GB","@id":"https:\/\/www.dhenne-avocats.fr\/#\/schema\/logo\/image\/","url":"https:\/\/www.dhenne-avocats.fr\/wp-content\/uploads\/2024\/03\/cropped-DhenneAvocats_Favicon_RVB_FullColor-1.png","contentUrl":"https:\/\/www.dhenne-avocats.fr\/wp-content\/uploads\/2024\/03\/cropped-DhenneAvocats_Favicon_RVB_FullColor-1.png","width":512,"height":512,"caption":"Dhenne Avocats"},"image":{"@id":"https:\/\/www.dhenne-avocats.fr\/#\/schema\/logo\/image\/"},"sameAs":["https:\/\/x.com\/DhenneAvocats","https:\/\/www.linkedin.com\/company\/dhenne-avocat\/"]},{"@type":"Person","@id":"https:\/\/www.dhenne-avocats.fr\/#\/schema\/person\/2ad0577efc5f9c25ede860fb77eade0b","name":"PlusQueProSEO","image":{"@type":"ImageObject","inLanguage":"en-GB","@id":"https:\/\/secure.gravatar.com\/avatar\/1556967a51892e1f9afd116bf8b1dfd574d2350a8203840f09f35b50ba0d6590?s=96&d=mm&r=g","url":"https:\/\/secure.gravatar.com\/avatar\/1556967a51892e1f9afd116bf8b1dfd574d2350a8203840f09f35b50ba0d6590?s=96&d=mm&r=g","contentUrl":"https:\/\/secure.gravatar.com\/avatar\/1556967a51892e1f9afd116bf8b1dfd574d2350a8203840f09f35b50ba0d6590?s=96&d=mm&r=g","caption":"PlusQueProSEO"}}]}},"_links":{"self":[{"href":"https:\/\/www.dhenne-avocats.fr\/en\/wp-json\/wp\/v2\/posts\/10646","targetHints":{"allow":["GET"]}}],"collection":[{"href":"https:\/\/www.dhenne-avocats.fr\/en\/wp-json\/wp\/v2\/posts"}],"about":[{"href":"https:\/\/www.dhenne-avocats.fr\/en\/wp-json\/wp\/v2\/types\/post"}],"author":[{"embeddable":true,"href":"https:\/\/www.dhenne-avocats.fr\/en\/wp-json\/wp\/v2\/users\/3"}],"replies":[{"embeddable":true,"href":"https:\/\/www.dhenne-avocats.fr\/en\/wp-json\/wp\/v2\/comments?post=10646"}],"version-history":[{"count":6,"href":"https:\/\/www.dhenne-avocats.fr\/en\/wp-json\/wp\/v2\/posts\/10646\/revisions"}],"predecessor-version":[{"id":11010,"href":"https:\/\/www.dhenne-avocats.fr\/en\/wp-json\/wp\/v2\/posts\/10646\/revisions\/11010"}],"wp:featuredmedia":[{"embeddable":true,"href":"https:\/\/www.dhenne-avocats.fr\/en\/wp-json\/wp\/v2\/media\/10649"}],"wp:attachment":[{"href":"https:\/\/www.dhenne-avocats.fr\/en\/wp-json\/wp\/v2\/media?parent=10646"}],"wp:term":[{"taxonomy":"category","embeddable":true,"href":"https:\/\/www.dhenne-avocats.fr\/en\/wp-json\/wp\/v2\/categories?post=10646"},{"taxonomy":"post_tag","embeddable":true,"href":"https:\/\/www.dhenne-avocats.fr\/en\/wp-json\/wp\/v2\/tags?post=10646"}],"curies":[{"name":"wp","href":"https:\/\/api.w.org\/{rel}","templated":true}]}}