{"id":10532,"date":"2025-02-14T18:17:16","date_gmt":"2025-02-14T18:17:16","guid":{"rendered":"https:\/\/www.dhenne-avocats.fr\/?p=10532"},"modified":"2026-08-12T09:11:10","modified_gmt":"2026-08-12T09:11:10","slug":"dhenne-avocats-obtient-gain-de-cause-pour-salveco","status":"publish","type":"post","link":"https:\/\/www.dhenne-avocats.fr\/en\/dhenne-avocats-obtient-gain-de-cause-pour-salveco\/","title":{"rendered":"Dhenne Avocats succeeds for Salveco"},"content":{"rendered":"<p>Dhenne Avocats a repr\u00e9sent\u00e9 <a href=\"https:\/\/salveco.fr\/en\/home\">Salveco<\/a> dans la bataille juridique pour ses prot\u00e9ger les formules de ses desinfectants biologiques qui l&rsquo;opposait \u00e0 <a href=\"https:\/\/www.henkel.fr\/\">Henkel<\/a>, <a href=\"https:\/\/www.lebriochin.com\/?srsltid=AfmBOorM0dPgucde68MAFstDxv5DOWxQ93E_SCkyW0pTbLdZPzciqVH2\">Briochin<\/a>, <a href=\"https:\/\/www.scienceetnature.fr\/\">Laboratoire Science et Nature<\/a>, <a href=\"https:\/\/www.hydrachim.fr\/\">Hydrachim<\/a> and <a href=\"https:\/\/www.hygiene-et-nature.com\/\">Hygi\u00e8ne et Nature<\/a> devant le Tribunal judiciaire de Paris. Cette affaire avait d\u00e9j\u00e0 \u00e9t\u00e9 \u00e9voqu\u00e9e<a href=\"https:\/\/www.dhenne-avocats.fr\/en\/dhenne-avocats-in-the-specialist-press\/\"> sur notre Blog en 2022<\/a>.<\/p>\n<p>Apr\u00e8s 4 ann\u00e9es de contentieux, 6 <a href=\"https:\/\/www.dhenne-avocats.fr\/en\/intellectual-property-glossary\/infringement-seizure\/\">saisie-contrefa\u00e7ons<\/a> (dont une \u00e0 l&rsquo;<a href=\"https:\/\/www.anses.fr\/fr\">ANSES<\/a>), des recours (rejet\u00e9s) contre 4 de ces saisies, et une <a href=\"https:\/\/www.dhenne-avocats.fr\/en\/intellectual-property-glossary\/patent-infringement-action\/\">action en contrefa\u00e7on de brevet<\/a>, les parties ont transig\u00e9, en particulier avec des conclusions d&rsquo;<a href=\"https:\/\/www.dhenne-avocats.fr\/en\/intellectual-property-glossary\/license-agreement\/\">accords de licence<\/a> accord\u00e9s par Salveco.<\/p>\n<p>Cette affaire a \u00e9t\u00e9 relat\u00e9e dans la presse : B\u00e2timent Entretien (<a href=\"https:\/\/www.batiment-entretien.fr\/actualite\/fournisseurs\/salveco-la-reference-en-chimie-vegetale\">Salveco, la r\u00e9f\u00e9rence en chimie v\u00e9g\u00e9tale<\/a>), Services (<a href=\"https:\/\/services-proprete.fr\/entreprises-marches\/28440\/salveco-signe-trois-nouveaux-accords-de-licence\">Salveco signe trois nouveaux accords de licence<\/a>). Elle est \u00e9galement \u00e9voqu\u00e9e dans <a href=\"https:\/\/www.juve-patent.com\/cases\/fischerwerke-and-dhenne-avocats-prevail-in-fight-with-art-color\/\">un r\u00e9cent article de la revue Juve Patents<\/a>.<\/p>\n<header><\/header>\n<header><\/header>\n<p>&nbsp;<\/p>","protected":false},"excerpt":{"rendered":"<p>Dhenne Avocats a repr\u00e9sent\u00e9 Salveco dans la bataille juridique pour ses prot\u00e9ger les formules de ses desinfectants biologiques qui l&rsquo;opposait \u00e0 Henkel, Briochin, Laboratoire Science et Nature, Hydrachim et Hygi\u00e8ne et Nature devant le Tribunal judiciaire de Paris. Cette affaire avait d\u00e9j\u00e0 \u00e9t\u00e9 \u00e9voqu\u00e9e sur notre Blog en 2022. Apr\u00e8s 4 ann\u00e9es de contentieux, 6 [&hellip;]<\/p>\n","protected":false},"author":4,"featured_media":0,"comment_status":"closed","ping_status":"closed","sticky":false,"template":"","format":"standard","meta":{"_acf_changed":false,"footnotes":""},"categories":[42,16,17,18,21,39,14,38,15],"tags":[],"class_list":["post-10532","post","type-post","status-publish","format-standard","hentry","category-action-en-contrefacon-de-brevet","category-brevets","category-chimie","category-contentieux","category-licence","category-medias","category-saisie-contrefacon","category-savoir-faire","category-secret-des-affaires"],"acf":[],"yoast_head":"<!-- This site is optimized with the Yoast SEO plugin v28.2 - https:\/\/yoast.com\/product\/yoast-seo-wordpress\/ -->\n<title>Dhenne Avocats obtient gain de cause pour Salveco - Dhenne Avocats<\/title>\n<meta name=\"description\" content=\"Le cabinet Dhenne Avocats obtient gain de cause pour Salveco dans un litige de propri\u00e9t\u00e9 intellectuelle sur ses d\u00e9sinfectants biologiques devant le TJ de Paris.\" \/>\n<meta name=\"robots\" content=\"index, follow, max-snippet:-1, max-image-preview:large, max-video-preview:-1\" \/>\n<link rel=\"canonical\" href=\"https:\/\/www.dhenne-avocats.fr\/en\/dhenne-avocats-obtient-gain-de-cause-pour-salveco\/\" \/>\n<meta property=\"og:locale\" content=\"en_GB\" \/>\n<meta property=\"og:type\" content=\"article\" \/>\n<meta property=\"og:title\" content=\"Dhenne Avocats obtient gain de cause pour Salveco - Dhenne Avocats\" \/>\n<meta property=\"og:description\" content=\"Le cabinet Dhenne Avocats obtient gain de cause pour Salveco dans un litige de propri\u00e9t\u00e9 intellectuelle sur ses d\u00e9sinfectants biologiques devant le TJ de Paris.\" \/>\n<meta property=\"og:url\" content=\"https:\/\/www.dhenne-avocats.fr\/en\/dhenne-avocats-obtient-gain-de-cause-pour-salveco\/\" \/>\n<meta property=\"og:site_name\" content=\"Dhenne Avocats\" \/>\n<meta property=\"article:published_time\" content=\"2025-02-14T18:17:16+00:00\" \/>\n<meta property=\"article:modified_time\" content=\"2026-08-12T09:11:10+00:00\" \/>\n<meta name=\"author\" content=\"Matthieu DHENNE\" \/>\n<meta name=\"twitter:card\" content=\"summary_large_image\" \/>\n<meta name=\"twitter:creator\" content=\"@DhenneAvocats\" \/>\n<meta name=\"twitter:site\" content=\"@DhenneAvocats\" \/>\n<meta name=\"twitter:label1\" content=\"Written by\" \/>\n\t<meta name=\"twitter:data1\" content=\"Matthieu DHENNE\" \/>\n\t<meta name=\"twitter:label2\" content=\"Estimated reading time\" \/>\n\t<meta name=\"twitter:data2\" content=\"2 minutes\" \/>\n<script type=\"application\/ld+json\" class=\"yoast-schema-graph\">{\"@context\":\"https:\\\/\\\/schema.org\",\"@graph\":[{\"@type\":\"Article\",\"@id\":\"https:\\\/\\\/www.dhenne-avocats.fr\\\/dhenne-avocats-obtient-gain-de-cause-pour-salveco\\\/#article\",\"isPartOf\":{\"@id\":\"https:\\\/\\\/www.dhenne-avocats.fr\\\/dhenne-avocats-obtient-gain-de-cause-pour-salveco\\\/\"},\"author\":{\"name\":\"Matthieu DHENNE\",\"@id\":\"https:\\\/\\\/www.dhenne-avocats.fr\\\/#\\\/schema\\\/person\\\/cebb642899b1d41301d41a0187fa329c\"},\"headline\":\"Dhenne Avocats obtient gain de cause pour Salveco\",\"datePublished\":\"2025-02-14T18:17:16+00:00\",\"dateModified\":\"2026-08-12T09:11:10+00:00\",\"mainEntityOfPage\":{\"@id\":\"https:\\\/\\\/www.dhenne-avocats.fr\\\/dhenne-avocats-obtient-gain-de-cause-pour-salveco\\\/\"},\"wordCount\":152,\"publisher\":{\"@id\":\"https:\\\/\\\/www.dhenne-avocats.fr\\\/#organization\"},\"articleSection\":[\"Action en contrefa\u00e7on de brevet\",\"Brevets\",\"Chimie\",\"Contentieux\",\"Licence\",\"M\u00e9dias\",\"Saisie-contrefa\u00e7on\",\"Savoir-faire\",\"Secret des affaires\"],\"inLanguage\":\"en-GB\"},{\"@type\":\"WebPage\",\"@id\":\"https:\\\/\\\/www.dhenne-avocats.fr\\\/dhenne-avocats-obtient-gain-de-cause-pour-salveco\\\/\",\"url\":\"https:\\\/\\\/www.dhenne-avocats.fr\\\/dhenne-avocats-obtient-gain-de-cause-pour-salveco\\\/\",\"name\":\"Dhenne Avocats obtient gain de cause pour Salveco - Dhenne Avocats\",\"isPartOf\":{\"@id\":\"https:\\\/\\\/www.dhenne-avocats.fr\\\/#website\"},\"datePublished\":\"2025-02-14T18:17:16+00:00\",\"dateModified\":\"2026-08-12T09:11:10+00:00\",\"description\":\"Le cabinet Dhenne Avocats obtient gain de cause pour Salveco dans un litige de propri\u00e9t\u00e9 intellectuelle sur ses d\u00e9sinfectants biologiques devant le TJ de Paris.\",\"breadcrumb\":{\"@id\":\"https:\\\/\\\/www.dhenne-avocats.fr\\\/dhenne-avocats-obtient-gain-de-cause-pour-salveco\\\/#breadcrumb\"},\"inLanguage\":\"en-GB\",\"potentialAction\":[{\"@type\":\"ReadAction\",\"target\":[\"https:\\\/\\\/www.dhenne-avocats.fr\\\/dhenne-avocats-obtient-gain-de-cause-pour-salveco\\\/\"]}]},{\"@type\":\"BreadcrumbList\",\"@id\":\"https:\\\/\\\/www.dhenne-avocats.fr\\\/dhenne-avocats-obtient-gain-de-cause-pour-salveco\\\/#breadcrumb\",\"itemListElement\":[{\"@type\":\"ListItem\",\"position\":1,\"name\":\"Accueil\",\"item\":\"https:\\\/\\\/www.dhenne-avocats.fr\\\/\"},{\"@type\":\"ListItem\",\"position\":2,\"name\":\"Dhenne Avocats obtient gain de cause pour Salveco\"}]},{\"@type\":\"WebSite\",\"@id\":\"https:\\\/\\\/www.dhenne-avocats.fr\\\/#website\",\"url\":\"https:\\\/\\\/www.dhenne-avocats.fr\\\/\",\"name\":\"Dhenne Avocats\",\"description\":\"Cabinet d&#039;avocats en droit des brevets\",\"publisher\":{\"@id\":\"https:\\\/\\\/www.dhenne-avocats.fr\\\/#organization\"},\"potentialAction\":[{\"@type\":\"SearchAction\",\"target\":{\"@type\":\"EntryPoint\",\"urlTemplate\":\"https:\\\/\\\/www.dhenne-avocats.fr\\\/?s={search_term_string}\"},\"query-input\":{\"@type\":\"PropertyValueSpecification\",\"valueRequired\":true,\"valueName\":\"search_term_string\"}}],\"inLanguage\":\"en-GB\"},{\"@type\":\"Organization\",\"@id\":\"https:\\\/\\\/www.dhenne-avocats.fr\\\/#organization\",\"name\":\"Dhenne Avocats\",\"alternateName\":\"dhenne avocats\",\"url\":\"https:\\\/\\\/www.dhenne-avocats.fr\\\/\",\"logo\":{\"@type\":\"ImageObject\",\"inLanguage\":\"en-GB\",\"@id\":\"https:\\\/\\\/www.dhenne-avocats.fr\\\/#\\\/schema\\\/logo\\\/image\\\/\",\"url\":\"https:\\\/\\\/www.dhenne-avocats.fr\\\/wp-content\\\/uploads\\\/2024\\\/03\\\/cropped-DhenneAvocats_Favicon_RVB_FullColor-1.png\",\"contentUrl\":\"https:\\\/\\\/www.dhenne-avocats.fr\\\/wp-content\\\/uploads\\\/2024\\\/03\\\/cropped-DhenneAvocats_Favicon_RVB_FullColor-1.png\",\"width\":512,\"height\":512,\"caption\":\"Dhenne Avocats\"},\"image\":{\"@id\":\"https:\\\/\\\/www.dhenne-avocats.fr\\\/#\\\/schema\\\/logo\\\/image\\\/\"},\"sameAs\":[\"https:\\\/\\\/x.com\\\/DhenneAvocats\",\"https:\\\/\\\/www.linkedin.com\\\/company\\\/dhenne-avocat\\\/\"]},{\"@type\":\"Person\",\"@id\":\"https:\\\/\\\/www.dhenne-avocats.fr\\\/#\\\/schema\\\/person\\\/cebb642899b1d41301d41a0187fa329c\",\"name\":\"Matthieu DHENNE\",\"image\":{\"@type\":\"ImageObject\",\"inLanguage\":\"en-GB\",\"@id\":\"https:\\\/\\\/secure.gravatar.com\\\/avatar\\\/988db4ff705a27432f0176d0317044da13eaf4eee82d9246f7cf81f2504e05c4?s=96&d=mm&r=g\",\"url\":\"https:\\\/\\\/secure.gravatar.com\\\/avatar\\\/988db4ff705a27432f0176d0317044da13eaf4eee82d9246f7cf81f2504e05c4?s=96&d=mm&r=g\",\"contentUrl\":\"https:\\\/\\\/secure.gravatar.com\\\/avatar\\\/988db4ff705a27432f0176d0317044da13eaf4eee82d9246f7cf81f2504e05c4?s=96&d=mm&r=g\",\"caption\":\"Matthieu DHENNE\"}}]}<\/script>\n<!-- \/ Yoast SEO plugin. -->","yoast_head_json":{"title":"Dhenne Avocats obtient gain de cause pour Salveco - Dhenne Avocats","description":"Le cabinet Dhenne Avocats obtient gain de cause pour Salveco dans un litige de propri\u00e9t\u00e9 intellectuelle sur ses d\u00e9sinfectants biologiques devant le TJ de Paris.","robots":{"index":"index","follow":"follow","max-snippet":"max-snippet:-1","max-image-preview":"max-image-preview:large","max-video-preview":"max-video-preview:-1"},"canonical":"https:\/\/www.dhenne-avocats.fr\/en\/dhenne-avocats-obtient-gain-de-cause-pour-salveco\/","og_locale":"en_GB","og_type":"article","og_title":"Dhenne Avocats obtient gain de cause pour Salveco - Dhenne Avocats","og_description":"Le cabinet Dhenne Avocats obtient gain de cause pour Salveco dans un litige de propri\u00e9t\u00e9 intellectuelle sur ses d\u00e9sinfectants biologiques devant le TJ de Paris.","og_url":"https:\/\/www.dhenne-avocats.fr\/en\/dhenne-avocats-obtient-gain-de-cause-pour-salveco\/","og_site_name":"Dhenne Avocats","article_published_time":"2025-02-14T18:17:16+00:00","article_modified_time":"2026-08-12T09:11:10+00:00","author":"Matthieu DHENNE","twitter_card":"summary_large_image","twitter_creator":"@DhenneAvocats","twitter_site":"@DhenneAvocats","twitter_misc":{"Written by":"Matthieu DHENNE","Estimated reading time":"2 minutes"},"schema":{"@context":"https:\/\/schema.org","@graph":[{"@type":"Article","@id":"https:\/\/www.dhenne-avocats.fr\/dhenne-avocats-obtient-gain-de-cause-pour-salveco\/#article","isPartOf":{"@id":"https:\/\/www.dhenne-avocats.fr\/dhenne-avocats-obtient-gain-de-cause-pour-salveco\/"},"author":{"name":"Matthieu DHENNE","@id":"https:\/\/www.dhenne-avocats.fr\/#\/schema\/person\/cebb642899b1d41301d41a0187fa329c"},"headline":"Dhenne Avocats obtient gain de cause pour Salveco","datePublished":"2025-02-14T18:17:16+00:00","dateModified":"2026-08-12T09:11:10+00:00","mainEntityOfPage":{"@id":"https:\/\/www.dhenne-avocats.fr\/dhenne-avocats-obtient-gain-de-cause-pour-salveco\/"},"wordCount":152,"publisher":{"@id":"https:\/\/www.dhenne-avocats.fr\/#organization"},"articleSection":["Action en contrefa\u00e7on de brevet","Brevets","Chimie","Contentieux","Licence","M\u00e9dias","Saisie-contrefa\u00e7on","Savoir-faire","Secret des affaires"],"inLanguage":"en-GB"},{"@type":"WebPage","@id":"https:\/\/www.dhenne-avocats.fr\/dhenne-avocats-obtient-gain-de-cause-pour-salveco\/","url":"https:\/\/www.dhenne-avocats.fr\/dhenne-avocats-obtient-gain-de-cause-pour-salveco\/","name":"Dhenne Avocats obtient gain de cause pour Salveco - Dhenne Avocats","isPartOf":{"@id":"https:\/\/www.dhenne-avocats.fr\/#website"},"datePublished":"2025-02-14T18:17:16+00:00","dateModified":"2026-08-12T09:11:10+00:00","description":"Le cabinet Dhenne Avocats obtient gain de cause pour Salveco dans un litige de propri\u00e9t\u00e9 intellectuelle sur ses d\u00e9sinfectants biologiques devant le TJ de Paris.","breadcrumb":{"@id":"https:\/\/www.dhenne-avocats.fr\/dhenne-avocats-obtient-gain-de-cause-pour-salveco\/#breadcrumb"},"inLanguage":"en-GB","potentialAction":[{"@type":"ReadAction","target":["https:\/\/www.dhenne-avocats.fr\/dhenne-avocats-obtient-gain-de-cause-pour-salveco\/"]}]},{"@type":"BreadcrumbList","@id":"https:\/\/www.dhenne-avocats.fr\/dhenne-avocats-obtient-gain-de-cause-pour-salveco\/#breadcrumb","itemListElement":[{"@type":"ListItem","position":1,"name":"Accueil","item":"https:\/\/www.dhenne-avocats.fr\/"},{"@type":"ListItem","position":2,"name":"Dhenne Avocats obtient gain de cause pour Salveco"}]},{"@type":"WebSite","@id":"https:\/\/www.dhenne-avocats.fr\/#website","url":"https:\/\/www.dhenne-avocats.fr\/","name":"Dhenne Avocats","description":"Patent litigation boutique, Paris","publisher":{"@id":"https:\/\/www.dhenne-avocats.fr\/#organization"},"potentialAction":[{"@type":"SearchAction","target":{"@type":"EntryPoint","urlTemplate":"https:\/\/www.dhenne-avocats.fr\/?s={search_term_string}"},"query-input":{"@type":"PropertyValueSpecification","valueRequired":true,"valueName":"search_term_string"}}],"inLanguage":"en-GB"},{"@type":"Organization","@id":"https:\/\/www.dhenne-avocats.fr\/#organization","name":"Dhenne Avocats","alternateName":"dhenne avocats","url":"https:\/\/www.dhenne-avocats.fr\/","logo":{"@type":"ImageObject","inLanguage":"en-GB","@id":"https:\/\/www.dhenne-avocats.fr\/#\/schema\/logo\/image\/","url":"https:\/\/www.dhenne-avocats.fr\/wp-content\/uploads\/2024\/03\/cropped-DhenneAvocats_Favicon_RVB_FullColor-1.png","contentUrl":"https:\/\/www.dhenne-avocats.fr\/wp-content\/uploads\/2024\/03\/cropped-DhenneAvocats_Favicon_RVB_FullColor-1.png","width":512,"height":512,"caption":"Dhenne Avocats"},"image":{"@id":"https:\/\/www.dhenne-avocats.fr\/#\/schema\/logo\/image\/"},"sameAs":["https:\/\/x.com\/DhenneAvocats","https:\/\/www.linkedin.com\/company\/dhenne-avocat\/"]},{"@type":"Person","@id":"https:\/\/www.dhenne-avocats.fr\/#\/schema\/person\/cebb642899b1d41301d41a0187fa329c","name":"Matthieu DHENNE","image":{"@type":"ImageObject","inLanguage":"en-GB","@id":"https:\/\/secure.gravatar.com\/avatar\/988db4ff705a27432f0176d0317044da13eaf4eee82d9246f7cf81f2504e05c4?s=96&d=mm&r=g","url":"https:\/\/secure.gravatar.com\/avatar\/988db4ff705a27432f0176d0317044da13eaf4eee82d9246f7cf81f2504e05c4?s=96&d=mm&r=g","contentUrl":"https:\/\/secure.gravatar.com\/avatar\/988db4ff705a27432f0176d0317044da13eaf4eee82d9246f7cf81f2504e05c4?s=96&d=mm&r=g","caption":"Matthieu DHENNE"}}]}},"_links":{"self":[{"href":"https:\/\/www.dhenne-avocats.fr\/en\/wp-json\/wp\/v2\/posts\/10532","targetHints":{"allow":["GET"]}}],"collection":[{"href":"https:\/\/www.dhenne-avocats.fr\/en\/wp-json\/wp\/v2\/posts"}],"about":[{"href":"https:\/\/www.dhenne-avocats.fr\/en\/wp-json\/wp\/v2\/types\/post"}],"author":[{"embeddable":true,"href":"https:\/\/www.dhenne-avocats.fr\/en\/wp-json\/wp\/v2\/users\/4"}],"replies":[{"embeddable":true,"href":"https:\/\/www.dhenne-avocats.fr\/en\/wp-json\/wp\/v2\/comments?post=10532"}],"version-history":[{"count":2,"href":"https:\/\/www.dhenne-avocats.fr\/en\/wp-json\/wp\/v2\/posts\/10532\/revisions"}],"predecessor-version":[{"id":10540,"href":"https:\/\/www.dhenne-avocats.fr\/en\/wp-json\/wp\/v2\/posts\/10532\/revisions\/10540"}],"wp:attachment":[{"href":"https:\/\/www.dhenne-avocats.fr\/en\/wp-json\/wp\/v2\/media?parent=10532"}],"wp:term":[{"taxonomy":"category","embeddable":true,"href":"https:\/\/www.dhenne-avocats.fr\/en\/wp-json\/wp\/v2\/categories?post=10532"},{"taxonomy":"post_tag","embeddable":true,"href":"https:\/\/www.dhenne-avocats.fr\/en\/wp-json\/wp\/v2\/tags?post=10532"}],"curies":[{"name":"wp","href":"https:\/\/api.w.org\/{rel}","templated":true}]}}