{"id":10321,"date":"2025-01-22T21:48:46","date_gmt":"2025-01-22T21:48:46","guid":{"rendered":"https:\/\/www.dhenne-avocats.fr\/?p=10321"},"modified":"2025-02-06T11:17:38","modified_gmt":"2025-02-06T11:17:38","slug":"mediation-en-propriete-intellectuelle","status":"publish","type":"post","link":"https:\/\/www.dhenne-avocats.fr\/en\/mediation-en-propriete-intellectuelle\/","title":{"rendered":"M\u00e9diation en propri\u00e9t\u00e9 intellectuelle"},"content":{"rendered":"<p>The <a href=\"https:\/\/www.dhenne-avocats.fr\/en\/intellectual-property-glossary\/mediation\/\"><strong>Mediation<\/strong><\/a>, qui aide les parties \u00e0 parvenir \u00e0 une solution amiable, volontaire et mutuellement acceptable permet ainsi de r\u00e9soudre des conflits de propri\u00e9t\u00e9 intellectuelle sans passer par une proc\u00e9dure judiciaire ou administrative, souvent longue et co\u00fbteuse.<\/p>\n<h2>Caract\u00e9ristiques<\/h2>\n<ul>\n<li><strong>Volontaire<\/strong> : La m\u00e9diation repose sur le consentement mutuel des parties, qui peuvent y mettre fin \u00e0 tout moment.<\/li>\n<li><strong>Confidentielle<\/strong> : Les discussions et les accords issus de la m\u00e9diation sont strictement confidentiels, contrairement \u00e0 un proc\u00e8s public.<\/li>\n<li><strong>Neutre<\/strong> : Le m\u00e9diateur est impartial et n\u2019a pas le pouvoir de trancher le litige. Il facilite le dialogue et aide les parties \u00e0 identifier leurs int\u00e9r\u00eats respectifs.<\/li>\n<li><strong>Souple<\/strong> : Les parties d\u00e9finissent librement le cadre et les modalit\u00e9s de la m\u00e9diation.<\/li>\n<\/ul>\n<h2>Exemple : l&rsquo;application au Droit des Brevets<\/h2>\n<ol>\n<li><strong>Conflits sur la validit\u00e9 ou la contrefa\u00e7on<\/strong>\n<ul>\n<li>Un titulaire de brevet et un tiers accus\u00e9 de contrefa\u00e7on peuvent recourir \u00e0 une m\u00e9diation pour n\u00e9gocier des solutions, telles qu&rsquo;un<strong> c<a href=\"https:\/\/www.dhenne-avocats.fr\/en\/intellectual-property-glossary\/patent-patent-contract\/\">ontrat de licence de brevet<\/a><\/strong> ou un <strong>changement dans le produit\/proc\u00e9d\u00e9 contest\u00e9<\/strong>.<\/li>\n<\/ul>\n<\/li>\n<li><strong>N\u00e9gociations de licences FRAND<\/strong>\n<ul>\n<li>En cas de litiges sur les conditions des <a href=\"https:\/\/www.dhenne-avocats.fr\/en\/intellectual-property-glossary\/licence-frand\/\"><strong>licences<\/strong> <strong>FRAND<\/strong><\/a> (<em>Fair, Reasonable and Non-Discriminatory<\/em>), la m\u00e9diation peut permettre aux parties de s\u2019entendre sur des <strong>redevances<\/strong> \u00e9quitables et sur l\u2019\u00e9tendue des droits.<\/li>\n<\/ul>\n<\/li>\n<li><strong>Litiges transfrontaliers<\/strong>\n<ul>\n<li>Dans des conflits impliquant plusieurs juridictions (brevets europ\u00e9ens ou internationaux), la m\u00e9diation offre une solution globale et rapide, \u00e9vitant des contentieux fragment\u00e9s dans plusieurs pays.<\/li>\n<\/ul>\n<\/li>\n<\/ol>\n<h2>Advantages<\/h2>\n<ul>\n<li>R\u00e9duction des <strong>co\u00fbts<\/strong> et des <strong>d\u00e9lais<\/strong>.<\/li>\n<li>Maintien des relations commerciales (surtout dans les litiges entre partenaires).<\/li>\n<li>Confidentialit\u00e9, essentielle dans les diff\u00e9rends techniques ou financiers li\u00e9s aux brevets.<\/li>\n<li>Souplesse, car les parties peuvent inclure des aspects commerciaux, techniques ou financiers dans leurs discussions.<\/li>\n<\/ul>\n<h2>Exemples d\u2019organismes proposant la M\u00e9diation<\/h2>\n<ul>\n<li><strong>OMPI (Organisation Mondiale de la Propri\u00e9t\u00e9 Intellectuelle)<\/strong> : Le <a href=\"https:\/\/www.wipo.int\/amc\/fr\/\"><strong>Centre d\u2019arbitrage et de m\u00e9diation de l\u2019OMPI<\/strong><\/a> g\u00e8re de nombreux diff\u00e9rends li\u00e9s \u00e0 la PI, dont des litiges en mati\u00e8re de brevets.<\/li>\n<li><a href=\"https:\/\/cour-europe-arbitrage.org\/fr\/faq\/what-is-ceam\/\"><strong>Centre Europ\u00e9en d\u2019Arbitrage et de M\u00e9diation (CEAM)<\/strong><\/a> : Propose des m\u00e9diateurs sp\u00e9cialis\u00e9s en PI.<\/li>\n<\/ul>","protected":false},"excerpt":{"rendered":"<p>La m\u00e9diation, qui aide les parties \u00e0 parvenir \u00e0 une solution amiable, volontaire et mutuellement acceptable permet ainsi de r\u00e9soudre des conflits de propri\u00e9t\u00e9 intellectuelle sans passer par une proc\u00e9dure judiciaire ou administrative, souvent longue et co\u00fbteuse. Caract\u00e9ristiques Volontaire : La m\u00e9diation repose sur le consentement mutuel des parties, qui peuvent y mettre fin \u00e0 [&hellip;]<\/p>","protected":false},"author":4,"featured_media":0,"comment_status":"closed","ping_status":"closed","sticky":false,"template":"","format":"standard","meta":{"_acf_changed":false,"footnotes":""},"categories":[16,22],"tags":[],"class_list":["post-10321","post","type-post","status-publish","format-standard","hentry","category-brevets","category-propriete-intellectuelle"],"acf":[],"yoast_head":"<!-- This site is optimized with the Yoast SEO plugin v25.6 - https:\/\/yoast.com\/wordpress\/plugins\/seo\/ -->\n<title>M\u00e9diation en propri\u00e9t\u00e9 intellectuelle - Dhenne Avocats<\/title>\n<meta name=\"description\" content=\"Lisez l&#039;article : M\u00e9diation en propri\u00e9t\u00e9 intellectuelle du blog Dhenne Avocats\" \/>\n<meta name=\"robots\" content=\"index, follow, max-snippet:-1, max-image-preview:large, max-video-preview:-1\" \/>\n<link rel=\"canonical\" href=\"https:\/\/www.dhenne-avocats.fr\/en\/mediation-en-propriete-intellectuelle\/\" \/>\n<meta property=\"og:locale\" content=\"en_GB\" \/>\n<meta property=\"og:type\" content=\"article\" \/>\n<meta property=\"og:title\" content=\"M\u00e9diation en propri\u00e9t\u00e9 intellectuelle - Dhenne Avocats\" \/>\n<meta property=\"og:description\" content=\"Lisez l&#039;article : M\u00e9diation en propri\u00e9t\u00e9 intellectuelle du blog Dhenne Avocats\" \/>\n<meta property=\"og:url\" content=\"https:\/\/www.dhenne-avocats.fr\/en\/mediation-en-propriete-intellectuelle\/\" \/>\n<meta property=\"og:site_name\" content=\"Dhenne Avocats\" \/>\n<meta property=\"article:published_time\" content=\"2025-01-22T21:48:46+00:00\" \/>\n<meta property=\"article:modified_time\" content=\"2025-02-06T11:17:38+00:00\" \/>\n<meta name=\"author\" content=\"Mathilde Jean\" \/>\n<meta name=\"twitter:card\" content=\"summary_large_image\" \/>\n<meta name=\"twitter:label1\" content=\"Written by\" \/>\n\t<meta name=\"twitter:data1\" content=\"Mathilde Jean\" \/>\n\t<meta name=\"twitter:label2\" content=\"Estimated reading time\" \/>\n\t<meta name=\"twitter:data2\" content=\"3 minutes\" \/>\n<script type=\"application\/ld+json\" class=\"yoast-schema-graph\">{\"@context\":\"https:\/\/schema.org\",\"@graph\":[{\"@type\":\"Article\",\"@id\":\"https:\/\/www.dhenne-avocats.fr\/mediation-en-propriete-intellectuelle\/#article\",\"isPartOf\":{\"@id\":\"https:\/\/www.dhenne-avocats.fr\/mediation-en-propriete-intellectuelle\/\"},\"author\":{\"name\":\"Mathilde Jean\",\"@id\":\"https:\/\/www.dhenne-avocats.fr\/#\/schema\/person\/cebb642899b1d41301d41a0187fa329c\"},\"headline\":\"M\u00e9diation en propri\u00e9t\u00e9 intellectuelle\",\"datePublished\":\"2025-01-22T21:48:46+00:00\",\"dateModified\":\"2025-02-06T11:17:38+00:00\",\"mainEntityOfPage\":{\"@id\":\"https:\/\/www.dhenne-avocats.fr\/mediation-en-propriete-intellectuelle\/\"},\"wordCount\":364,\"publisher\":{\"@id\":\"https:\/\/www.dhenne-avocats.fr\/#organization\"},\"articleSection\":[\"Brevets\",\"Propri\u00e9t\u00e9 intellectuelle\"],\"inLanguage\":\"en-GB\"},{\"@type\":\"WebPage\",\"@id\":\"https:\/\/www.dhenne-avocats.fr\/mediation-en-propriete-intellectuelle\/\",\"url\":\"https:\/\/www.dhenne-avocats.fr\/mediation-en-propriete-intellectuelle\/\",\"name\":\"M\u00e9diation en propri\u00e9t\u00e9 intellectuelle - Dhenne Avocats\",\"isPartOf\":{\"@id\":\"https:\/\/www.dhenne-avocats.fr\/#website\"},\"datePublished\":\"2025-01-22T21:48:46+00:00\",\"dateModified\":\"2025-02-06T11:17:38+00:00\",\"description\":\"Lisez l'article : M\u00e9diation en propri\u00e9t\u00e9 intellectuelle du blog Dhenne Avocats\",\"breadcrumb\":{\"@id\":\"https:\/\/www.dhenne-avocats.fr\/mediation-en-propriete-intellectuelle\/#breadcrumb\"},\"inLanguage\":\"en-GB\",\"potentialAction\":[{\"@type\":\"ReadAction\",\"target\":[\"https:\/\/www.dhenne-avocats.fr\/mediation-en-propriete-intellectuelle\/\"]}]},{\"@type\":\"BreadcrumbList\",\"@id\":\"https:\/\/www.dhenne-avocats.fr\/mediation-en-propriete-intellectuelle\/#breadcrumb\",\"itemListElement\":[{\"@type\":\"ListItem\",\"position\":1,\"name\":\"Accueil\",\"item\":\"https:\/\/www.dhenne-avocats.fr\/\"},{\"@type\":\"ListItem\",\"position\":2,\"name\":\"M\u00e9diation en propri\u00e9t\u00e9 intellectuelle\"}]},{\"@type\":\"WebSite\",\"@id\":\"https:\/\/www.dhenne-avocats.fr\/#website\",\"url\":\"https:\/\/www.dhenne-avocats.fr\/\",\"name\":\"Dhenne Avocats\",\"description\":\"Cabinet d&#039;avocats en droit des brevets\",\"publisher\":{\"@id\":\"https:\/\/www.dhenne-avocats.fr\/#organization\"},\"potentialAction\":[{\"@type\":\"SearchAction\",\"target\":{\"@type\":\"EntryPoint\",\"urlTemplate\":\"https:\/\/www.dhenne-avocats.fr\/?s={search_term_string}\"},\"query-input\":{\"@type\":\"PropertyValueSpecification\",\"valueRequired\":true,\"valueName\":\"search_term_string\"}}],\"inLanguage\":\"en-GB\"},{\"@type\":\"Organization\",\"@id\":\"https:\/\/www.dhenne-avocats.fr\/#organization\",\"name\":\"Dhenne Avocats\",\"alternateName\":\"dhenne avocats\",\"url\":\"https:\/\/www.dhenne-avocats.fr\/\",\"logo\":{\"@type\":\"ImageObject\",\"inLanguage\":\"en-GB\",\"@id\":\"https:\/\/www.dhenne-avocats.fr\/#\/schema\/logo\/image\/\",\"url\":\"https:\/\/www.dhenne-avocats.fr\/wp-content\/uploads\/2024\/03\/cropped-DhenneAvocats_Favicon_RVB_FullColor-1.png\",\"contentUrl\":\"https:\/\/www.dhenne-avocats.fr\/wp-content\/uploads\/2024\/03\/cropped-DhenneAvocats_Favicon_RVB_FullColor-1.png\",\"width\":512,\"height\":512,\"caption\":\"Dhenne Avocats\"},\"image\":{\"@id\":\"https:\/\/www.dhenne-avocats.fr\/#\/schema\/logo\/image\/\"}},{\"@type\":\"Person\",\"@id\":\"https:\/\/www.dhenne-avocats.fr\/#\/schema\/person\/cebb642899b1d41301d41a0187fa329c\",\"name\":\"Mathilde Jean\",\"image\":{\"@type\":\"ImageObject\",\"inLanguage\":\"en-GB\",\"@id\":\"https:\/\/www.dhenne-avocats.fr\/#\/schema\/person\/image\/\",\"url\":\"https:\/\/secure.gravatar.com\/avatar\/988db4ff705a27432f0176d0317044da13eaf4eee82d9246f7cf81f2504e05c4?s=96&d=mm&r=g\",\"contentUrl\":\"https:\/\/secure.gravatar.com\/avatar\/988db4ff705a27432f0176d0317044da13eaf4eee82d9246f7cf81f2504e05c4?s=96&d=mm&r=g\",\"caption\":\"Mathilde Jean\"}}]}<\/script>\n<!-- \/ Yoast SEO plugin. -->","yoast_head_json":{"title":"M\u00e9diation en propri\u00e9t\u00e9 intellectuelle - Dhenne Avocats","description":"Lisez l'article : M\u00e9diation en propri\u00e9t\u00e9 intellectuelle du blog Dhenne Avocats","robots":{"index":"index","follow":"follow","max-snippet":"max-snippet:-1","max-image-preview":"max-image-preview:large","max-video-preview":"max-video-preview:-1"},"canonical":"https:\/\/www.dhenne-avocats.fr\/en\/mediation-en-propriete-intellectuelle\/","og_locale":"en_GB","og_type":"article","og_title":"M\u00e9diation en propri\u00e9t\u00e9 intellectuelle - Dhenne Avocats","og_description":"Lisez l'article : M\u00e9diation en propri\u00e9t\u00e9 intellectuelle du blog Dhenne Avocats","og_url":"https:\/\/www.dhenne-avocats.fr\/en\/mediation-en-propriete-intellectuelle\/","og_site_name":"Dhenne Avocats","article_published_time":"2025-01-22T21:48:46+00:00","article_modified_time":"2025-02-06T11:17:38+00:00","author":"Mathilde Jean","twitter_card":"summary_large_image","twitter_misc":{"Written by":"Mathilde Jean","Estimated reading time":"3 minutes"},"schema":{"@context":"https:\/\/schema.org","@graph":[{"@type":"Article","@id":"https:\/\/www.dhenne-avocats.fr\/mediation-en-propriete-intellectuelle\/#article","isPartOf":{"@id":"https:\/\/www.dhenne-avocats.fr\/mediation-en-propriete-intellectuelle\/"},"author":{"name":"Mathilde Jean","@id":"https:\/\/www.dhenne-avocats.fr\/#\/schema\/person\/cebb642899b1d41301d41a0187fa329c"},"headline":"M\u00e9diation en propri\u00e9t\u00e9 intellectuelle","datePublished":"2025-01-22T21:48:46+00:00","dateModified":"2025-02-06T11:17:38+00:00","mainEntityOfPage":{"@id":"https:\/\/www.dhenne-avocats.fr\/mediation-en-propriete-intellectuelle\/"},"wordCount":364,"publisher":{"@id":"https:\/\/www.dhenne-avocats.fr\/#organization"},"articleSection":["Brevets","Propri\u00e9t\u00e9 intellectuelle"],"inLanguage":"en-GB"},{"@type":"WebPage","@id":"https:\/\/www.dhenne-avocats.fr\/mediation-en-propriete-intellectuelle\/","url":"https:\/\/www.dhenne-avocats.fr\/mediation-en-propriete-intellectuelle\/","name":"M\u00e9diation en propri\u00e9t\u00e9 intellectuelle - Dhenne Avocats","isPartOf":{"@id":"https:\/\/www.dhenne-avocats.fr\/#website"},"datePublished":"2025-01-22T21:48:46+00:00","dateModified":"2025-02-06T11:17:38+00:00","description":"Lisez l'article : M\u00e9diation en propri\u00e9t\u00e9 intellectuelle du blog Dhenne Avocats","breadcrumb":{"@id":"https:\/\/www.dhenne-avocats.fr\/mediation-en-propriete-intellectuelle\/#breadcrumb"},"inLanguage":"en-GB","potentialAction":[{"@type":"ReadAction","target":["https:\/\/www.dhenne-avocats.fr\/mediation-en-propriete-intellectuelle\/"]}]},{"@type":"BreadcrumbList","@id":"https:\/\/www.dhenne-avocats.fr\/mediation-en-propriete-intellectuelle\/#breadcrumb","itemListElement":[{"@type":"ListItem","position":1,"name":"Accueil","item":"https:\/\/www.dhenne-avocats.fr\/"},{"@type":"ListItem","position":2,"name":"M\u00e9diation en propri\u00e9t\u00e9 intellectuelle"}]},{"@type":"WebSite","@id":"https:\/\/www.dhenne-avocats.fr\/#website","url":"https:\/\/www.dhenne-avocats.fr\/","name":"Dhenne Avocats","description":"Cabinet d&#039;avocats en droit des brevets","publisher":{"@id":"https:\/\/www.dhenne-avocats.fr\/#organization"},"potentialAction":[{"@type":"SearchAction","target":{"@type":"EntryPoint","urlTemplate":"https:\/\/www.dhenne-avocats.fr\/?s={search_term_string}"},"query-input":{"@type":"PropertyValueSpecification","valueRequired":true,"valueName":"search_term_string"}}],"inLanguage":"en-GB"},{"@type":"Organization","@id":"https:\/\/www.dhenne-avocats.fr\/#organization","name":"Dhenne Avocats","alternateName":"dhenne avocats","url":"https:\/\/www.dhenne-avocats.fr\/","logo":{"@type":"ImageObject","inLanguage":"en-GB","@id":"https:\/\/www.dhenne-avocats.fr\/#\/schema\/logo\/image\/","url":"https:\/\/www.dhenne-avocats.fr\/wp-content\/uploads\/2024\/03\/cropped-DhenneAvocats_Favicon_RVB_FullColor-1.png","contentUrl":"https:\/\/www.dhenne-avocats.fr\/wp-content\/uploads\/2024\/03\/cropped-DhenneAvocats_Favicon_RVB_FullColor-1.png","width":512,"height":512,"caption":"Dhenne Avocats"},"image":{"@id":"https:\/\/www.dhenne-avocats.fr\/#\/schema\/logo\/image\/"}},{"@type":"Person","@id":"https:\/\/www.dhenne-avocats.fr\/#\/schema\/person\/cebb642899b1d41301d41a0187fa329c","name":"Mathilde Jean","image":{"@type":"ImageObject","inLanguage":"en-GB","@id":"https:\/\/www.dhenne-avocats.fr\/#\/schema\/person\/image\/","url":"https:\/\/secure.gravatar.com\/avatar\/988db4ff705a27432f0176d0317044da13eaf4eee82d9246f7cf81f2504e05c4?s=96&d=mm&r=g","contentUrl":"https:\/\/secure.gravatar.com\/avatar\/988db4ff705a27432f0176d0317044da13eaf4eee82d9246f7cf81f2504e05c4?s=96&d=mm&r=g","caption":"Mathilde Jean"}}]}},"_links":{"self":[{"href":"https:\/\/www.dhenne-avocats.fr\/en\/wp-json\/wp\/v2\/posts\/10321","targetHints":{"allow":["GET"]}}],"collection":[{"href":"https:\/\/www.dhenne-avocats.fr\/en\/wp-json\/wp\/v2\/posts"}],"about":[{"href":"https:\/\/www.dhenne-avocats.fr\/en\/wp-json\/wp\/v2\/types\/post"}],"author":[{"embeddable":true,"href":"https:\/\/www.dhenne-avocats.fr\/en\/wp-json\/wp\/v2\/users\/4"}],"replies":[{"embeddable":true,"href":"https:\/\/www.dhenne-avocats.fr\/en\/wp-json\/wp\/v2\/comments?post=10321"}],"version-history":[{"count":0,"href":"https:\/\/www.dhenne-avocats.fr\/en\/wp-json\/wp\/v2\/posts\/10321\/revisions"}],"wp:attachment":[{"href":"https:\/\/www.dhenne-avocats.fr\/en\/wp-json\/wp\/v2\/media?parent=10321"}],"wp:term":[{"taxonomy":"category","embeddable":true,"href":"https:\/\/www.dhenne-avocats.fr\/en\/wp-json\/wp\/v2\/categories?post=10321"},{"taxonomy":"post_tag","embeddable":true,"href":"https:\/\/www.dhenne-avocats.fr\/en\/wp-json\/wp\/v2\/tags?post=10321"}],"curies":[{"name":"wp","href":"https:\/\/api.w.org\/{rel}","templated":true}]}}