{"id":10244,"date":"2024-07-30T10:47:58","date_gmt":"2024-07-30T10:47:58","guid":{"rendered":"https:\/\/www.dhenne-avocats.fr\/?p=10244"},"modified":"2026-08-12T10:04:38","modified_gmt":"2026-08-12T10:04:38","slug":"first-decision-of-the-local-paris-division-of-the-jub-on-an-infringement-action","status":"publish","type":"post","link":"https:\/\/www.dhenne-avocats.fr\/en\/first-decision-of-the-local-paris-division-of-the-jub-on-an-infringement-action\/","title":{"rendered":"First decision of UPC Paris local division on an infringement action"},"content":{"rendered":"<p>Un peu plus d&rsquo;un an apr\u00e8s l&rsquo;entr\u00e9e en vigueur de l&rsquo;A<a href=\"\/en\/fields-of-expertise\/jub\/\">UPC<\/a>, la division locale de Paris de la JUB a rendu la premi\u00e8re d\u00e9cision sur une action en contrefa\u00e7on. Malheureusement pour le brevet\u00e9, le tribunal a rejet\u00e9 son action, estimant que le brevet invoqu\u00e9 \u00e9tait nul.<\/p>\n<p>&nbsp;<\/p>","protected":false},"excerpt":{"rendered":"<p>A little over a year after the UPC Agreement came into effect, the Paris local division of the UPC issued the first decision on an infringement action. Unfortunately for the patent holder, the court dismissed the action, ruling that the cited patent was invalid. &nbsp;<\/p>","protected":false},"author":4,"featured_media":0,"comment_status":"closed","ping_status":"closed","sticky":false,"template":"","format":"standard","meta":{"_acf_changed":false,"footnotes":""},"categories":[16,7],"tags":[],"class_list":["post-10244","post","type-post","status-publish","format-standard","hentry","category-brevets","category-jub"],"acf":[],"yoast_head":"<!-- This site is optimized with the Yoast SEO plugin v28.2 - https:\/\/yoast.com\/product\/yoast-seo-wordpress\/ -->\n<title>Premi\u00e8re d\u00e9cision de la division locale de Paris de la JUB sur une action en contrefa\u00e7on - Dhenne Avocats<\/title>\n<meta name=\"description\" content=\"Premi\u00e8re d\u00e9cision au fond de la division locale de Paris de la JUB en contrefa\u00e7on de brevet, par le cabinet Dhenne Avocats.\" \/>\n<meta name=\"robots\" content=\"index, follow, max-snippet:-1, max-image-preview:large, max-video-preview:-1\" \/>\n<link rel=\"canonical\" href=\"https:\/\/www.dhenne-avocats.fr\/en\/first-decision-of-the-local-paris-division-of-the-jub-on-an-infringement-action\/\" \/>\n<meta property=\"og:locale\" content=\"en_GB\" \/>\n<meta property=\"og:type\" content=\"article\" \/>\n<meta property=\"og:title\" content=\"Premi\u00e8re d\u00e9cision de la division locale de Paris de la JUB sur une action en contrefa\u00e7on - Dhenne Avocats\" \/>\n<meta property=\"og:description\" content=\"Premi\u00e8re d\u00e9cision au fond de la division locale de Paris de la JUB en contrefa\u00e7on de brevet, par le cabinet Dhenne Avocats.\" \/>\n<meta property=\"og:url\" content=\"https:\/\/www.dhenne-avocats.fr\/en\/first-decision-of-the-local-paris-division-of-the-jub-on-an-infringement-action\/\" \/>\n<meta property=\"og:site_name\" content=\"Dhenne Avocats\" \/>\n<meta property=\"article:published_time\" content=\"2024-07-30T10:47:58+00:00\" \/>\n<meta property=\"article:modified_time\" content=\"2026-08-12T10:04:38+00:00\" \/>\n<meta name=\"author\" content=\"Matthieu DHENNE\" \/>\n<meta name=\"twitter:card\" content=\"summary_large_image\" \/>\n<meta name=\"twitter:creator\" content=\"@DhenneAvocats\" \/>\n<meta name=\"twitter:site\" content=\"@DhenneAvocats\" \/>\n<meta name=\"twitter:label1\" content=\"Written by\" \/>\n\t<meta name=\"twitter:data1\" content=\"Matthieu DHENNE\" \/>\n\t<meta name=\"twitter:label2\" content=\"Estimated reading time\" \/>\n\t<meta name=\"twitter:data2\" content=\"3 minutes\" \/>\n<script type=\"application\/ld+json\" class=\"yoast-schema-graph\">{\"@context\":\"https:\\\/\\\/schema.org\",\"@graph\":[{\"@type\":\"Article\",\"@id\":\"https:\\\/\\\/www.dhenne-avocats.fr\\\/premiere-decision-de-la-division-locale-de-paris-de-la-jub-sur-une-action-en-contrefacon\\\/#article\",\"isPartOf\":{\"@id\":\"https:\\\/\\\/www.dhenne-avocats.fr\\\/premiere-decision-de-la-division-locale-de-paris-de-la-jub-sur-une-action-en-contrefacon\\\/\"},\"author\":{\"name\":\"Matthieu DHENNE\",\"@id\":\"https:\\\/\\\/www.dhenne-avocats.fr\\\/#\\\/schema\\\/person\\\/cebb642899b1d41301d41a0187fa329c\"},\"headline\":\"Premi\u00e8re d\u00e9cision de la division locale de Paris de la JUB sur une action en contrefa\u00e7on\",\"datePublished\":\"2024-07-30T10:47:58+00:00\",\"dateModified\":\"2026-08-12T10:04:38+00:00\",\"mainEntityOfPage\":{\"@id\":\"https:\\\/\\\/www.dhenne-avocats.fr\\\/premiere-decision-de-la-division-locale-de-paris-de-la-jub-sur-une-action-en-contrefacon\\\/\"},\"wordCount\":74,\"publisher\":{\"@id\":\"https:\\\/\\\/www.dhenne-avocats.fr\\\/#organization\"},\"articleSection\":[\"Brevets\",\"JUB\"],\"inLanguage\":\"en-GB\"},{\"@type\":\"WebPage\",\"@id\":\"https:\\\/\\\/www.dhenne-avocats.fr\\\/premiere-decision-de-la-division-locale-de-paris-de-la-jub-sur-une-action-en-contrefacon\\\/\",\"url\":\"https:\\\/\\\/www.dhenne-avocats.fr\\\/premiere-decision-de-la-division-locale-de-paris-de-la-jub-sur-une-action-en-contrefacon\\\/\",\"name\":\"Premi\u00e8re d\u00e9cision de la division locale de Paris de la JUB sur une action en contrefa\u00e7on - Dhenne Avocats\",\"isPartOf\":{\"@id\":\"https:\\\/\\\/www.dhenne-avocats.fr\\\/#website\"},\"datePublished\":\"2024-07-30T10:47:58+00:00\",\"dateModified\":\"2026-08-12T10:04:38+00:00\",\"description\":\"Premi\u00e8re d\u00e9cision au fond de la division locale de Paris de la JUB en contrefa\u00e7on de brevet, par le cabinet Dhenne Avocats.\",\"breadcrumb\":{\"@id\":\"https:\\\/\\\/www.dhenne-avocats.fr\\\/premiere-decision-de-la-division-locale-de-paris-de-la-jub-sur-une-action-en-contrefacon\\\/#breadcrumb\"},\"inLanguage\":\"en-GB\",\"potentialAction\":[{\"@type\":\"ReadAction\",\"target\":[\"https:\\\/\\\/www.dhenne-avocats.fr\\\/premiere-decision-de-la-division-locale-de-paris-de-la-jub-sur-une-action-en-contrefacon\\\/\"]}]},{\"@type\":\"BreadcrumbList\",\"@id\":\"https:\\\/\\\/www.dhenne-avocats.fr\\\/premiere-decision-de-la-division-locale-de-paris-de-la-jub-sur-une-action-en-contrefacon\\\/#breadcrumb\",\"itemListElement\":[{\"@type\":\"ListItem\",\"position\":1,\"name\":\"Accueil\",\"item\":\"https:\\\/\\\/www.dhenne-avocats.fr\\\/\"},{\"@type\":\"ListItem\",\"position\":2,\"name\":\"Premi\u00e8re d\u00e9cision de la division locale de Paris de la JUB sur une action en contrefa\u00e7on\"}]},{\"@type\":\"WebSite\",\"@id\":\"https:\\\/\\\/www.dhenne-avocats.fr\\\/#website\",\"url\":\"https:\\\/\\\/www.dhenne-avocats.fr\\\/\",\"name\":\"Dhenne Avocats\",\"description\":\"Cabinet d&#039;avocats en droit des brevets\",\"publisher\":{\"@id\":\"https:\\\/\\\/www.dhenne-avocats.fr\\\/#organization\"},\"potentialAction\":[{\"@type\":\"SearchAction\",\"target\":{\"@type\":\"EntryPoint\",\"urlTemplate\":\"https:\\\/\\\/www.dhenne-avocats.fr\\\/?s={search_term_string}\"},\"query-input\":{\"@type\":\"PropertyValueSpecification\",\"valueRequired\":true,\"valueName\":\"search_term_string\"}}],\"inLanguage\":\"en-GB\"},{\"@type\":\"Organization\",\"@id\":\"https:\\\/\\\/www.dhenne-avocats.fr\\\/#organization\",\"name\":\"Dhenne Avocats\",\"alternateName\":\"dhenne avocats\",\"url\":\"https:\\\/\\\/www.dhenne-avocats.fr\\\/\",\"logo\":{\"@type\":\"ImageObject\",\"inLanguage\":\"en-GB\",\"@id\":\"https:\\\/\\\/www.dhenne-avocats.fr\\\/#\\\/schema\\\/logo\\\/image\\\/\",\"url\":\"https:\\\/\\\/www.dhenne-avocats.fr\\\/wp-content\\\/uploads\\\/2024\\\/03\\\/cropped-DhenneAvocats_Favicon_RVB_FullColor-1.png\",\"contentUrl\":\"https:\\\/\\\/www.dhenne-avocats.fr\\\/wp-content\\\/uploads\\\/2024\\\/03\\\/cropped-DhenneAvocats_Favicon_RVB_FullColor-1.png\",\"width\":512,\"height\":512,\"caption\":\"Dhenne Avocats\"},\"image\":{\"@id\":\"https:\\\/\\\/www.dhenne-avocats.fr\\\/#\\\/schema\\\/logo\\\/image\\\/\"},\"sameAs\":[\"https:\\\/\\\/x.com\\\/DhenneAvocats\",\"https:\\\/\\\/www.linkedin.com\\\/company\\\/dhenne-avocat\\\/\"]},{\"@type\":\"Person\",\"@id\":\"https:\\\/\\\/www.dhenne-avocats.fr\\\/#\\\/schema\\\/person\\\/cebb642899b1d41301d41a0187fa329c\",\"name\":\"Matthieu DHENNE\",\"image\":{\"@type\":\"ImageObject\",\"inLanguage\":\"en-GB\",\"@id\":\"https:\\\/\\\/secure.gravatar.com\\\/avatar\\\/988db4ff705a27432f0176d0317044da13eaf4eee82d9246f7cf81f2504e05c4?s=96&d=mm&r=g\",\"url\":\"https:\\\/\\\/secure.gravatar.com\\\/avatar\\\/988db4ff705a27432f0176d0317044da13eaf4eee82d9246f7cf81f2504e05c4?s=96&d=mm&r=g\",\"contentUrl\":\"https:\\\/\\\/secure.gravatar.com\\\/avatar\\\/988db4ff705a27432f0176d0317044da13eaf4eee82d9246f7cf81f2504e05c4?s=96&d=mm&r=g\",\"caption\":\"Matthieu DHENNE\"}}]}<\/script>\n<!-- \/ Yoast SEO plugin. -->","yoast_head_json":{"title":"First decision from the local Paris division of the JUB on an infringement action - Dhenne Lawyers","description":"Premi\u00e8re d\u00e9cision au fond de la division locale de Paris de la JUB en contrefa\u00e7on de brevet, par le cabinet Dhenne Avocats.","robots":{"index":"index","follow":"follow","max-snippet":"max-snippet:-1","max-image-preview":"max-image-preview:large","max-video-preview":"max-video-preview:-1"},"canonical":"https:\/\/www.dhenne-avocats.fr\/en\/first-decision-of-the-local-paris-division-of-the-jub-on-an-infringement-action\/","og_locale":"en_GB","og_type":"article","og_title":"Premi\u00e8re d\u00e9cision de la division locale de Paris de la JUB sur une action en contrefa\u00e7on - Dhenne Avocats","og_description":"Premi\u00e8re d\u00e9cision au fond de la division locale de Paris de la JUB en contrefa\u00e7on de brevet, par le cabinet Dhenne Avocats.","og_url":"https:\/\/www.dhenne-avocats.fr\/en\/first-decision-of-the-local-paris-division-of-the-jub-on-an-infringement-action\/","og_site_name":"Dhenne Avocats","article_published_time":"2024-07-30T10:47:58+00:00","article_modified_time":"2026-08-12T10:04:38+00:00","author":"Matthieu DHENNE","twitter_card":"summary_large_image","twitter_creator":"@DhenneAvocats","twitter_site":"@DhenneAvocats","twitter_misc":{"Written by":"Matthieu DHENNE","Estimated reading time":"3 minutes"},"schema":{"@context":"https:\/\/schema.org","@graph":[{"@type":"Article","@id":"https:\/\/www.dhenne-avocats.fr\/premiere-decision-de-la-division-locale-de-paris-de-la-jub-sur-une-action-en-contrefacon\/#article","isPartOf":{"@id":"https:\/\/www.dhenne-avocats.fr\/premiere-decision-de-la-division-locale-de-paris-de-la-jub-sur-une-action-en-contrefacon\/"},"author":{"name":"Matthieu DHENNE","@id":"https:\/\/www.dhenne-avocats.fr\/#\/schema\/person\/cebb642899b1d41301d41a0187fa329c"},"headline":"Premi\u00e8re d\u00e9cision de la division locale de Paris de la JUB sur une action en contrefa\u00e7on","datePublished":"2024-07-30T10:47:58+00:00","dateModified":"2026-08-12T10:04:38+00:00","mainEntityOfPage":{"@id":"https:\/\/www.dhenne-avocats.fr\/premiere-decision-de-la-division-locale-de-paris-de-la-jub-sur-une-action-en-contrefacon\/"},"wordCount":74,"publisher":{"@id":"https:\/\/www.dhenne-avocats.fr\/#organization"},"articleSection":["Brevets","JUB"],"inLanguage":"en-GB"},{"@type":"WebPage","@id":"https:\/\/www.dhenne-avocats.fr\/premiere-decision-de-la-division-locale-de-paris-de-la-jub-sur-une-action-en-contrefacon\/","url":"https:\/\/www.dhenne-avocats.fr\/premiere-decision-de-la-division-locale-de-paris-de-la-jub-sur-une-action-en-contrefacon\/","name":"First decision from the local Paris division of the JUB on an infringement action - Dhenne Lawyers","isPartOf":{"@id":"https:\/\/www.dhenne-avocats.fr\/#website"},"datePublished":"2024-07-30T10:47:58+00:00","dateModified":"2026-08-12T10:04:38+00:00","description":"Premi\u00e8re d\u00e9cision au fond de la division locale de Paris de la JUB en contrefa\u00e7on de brevet, par le cabinet Dhenne Avocats.","breadcrumb":{"@id":"https:\/\/www.dhenne-avocats.fr\/premiere-decision-de-la-division-locale-de-paris-de-la-jub-sur-une-action-en-contrefacon\/#breadcrumb"},"inLanguage":"en-GB","potentialAction":[{"@type":"ReadAction","target":["https:\/\/www.dhenne-avocats.fr\/premiere-decision-de-la-division-locale-de-paris-de-la-jub-sur-une-action-en-contrefacon\/"]}]},{"@type":"BreadcrumbList","@id":"https:\/\/www.dhenne-avocats.fr\/premiere-decision-de-la-division-locale-de-paris-de-la-jub-sur-une-action-en-contrefacon\/#breadcrumb","itemListElement":[{"@type":"ListItem","position":1,"name":"Accueil","item":"https:\/\/www.dhenne-avocats.fr\/"},{"@type":"ListItem","position":2,"name":"Premi\u00e8re d\u00e9cision de la division locale de Paris de la JUB sur une action en contrefa\u00e7on"}]},{"@type":"WebSite","@id":"https:\/\/www.dhenne-avocats.fr\/#website","url":"https:\/\/www.dhenne-avocats.fr\/","name":"Dhenne Lawyers","description":"Patent law firm","publisher":{"@id":"https:\/\/www.dhenne-avocats.fr\/#organization"},"potentialAction":[{"@type":"SearchAction","target":{"@type":"EntryPoint","urlTemplate":"https:\/\/www.dhenne-avocats.fr\/?s={search_term_string}"},"query-input":{"@type":"PropertyValueSpecification","valueRequired":true,"valueName":"search_term_string"}}],"inLanguage":"en-GB"},{"@type":"Organization","@id":"https:\/\/www.dhenne-avocats.fr\/#organization","name":"Dhenne Lawyers","alternateName":"dhenne avocats","url":"https:\/\/www.dhenne-avocats.fr\/","logo":{"@type":"ImageObject","inLanguage":"en-GB","@id":"https:\/\/www.dhenne-avocats.fr\/#\/schema\/logo\/image\/","url":"https:\/\/www.dhenne-avocats.fr\/wp-content\/uploads\/2024\/03\/cropped-DhenneAvocats_Favicon_RVB_FullColor-1.png","contentUrl":"https:\/\/www.dhenne-avocats.fr\/wp-content\/uploads\/2024\/03\/cropped-DhenneAvocats_Favicon_RVB_FullColor-1.png","width":512,"height":512,"caption":"Dhenne Avocats"},"image":{"@id":"https:\/\/www.dhenne-avocats.fr\/#\/schema\/logo\/image\/"},"sameAs":["https:\/\/x.com\/DhenneAvocats","https:\/\/www.linkedin.com\/company\/dhenne-avocat\/"]},{"@type":"Person","@id":"https:\/\/www.dhenne-avocats.fr\/#\/schema\/person\/cebb642899b1d41301d41a0187fa329c","name":"Matthieu DHENNE","image":{"@type":"ImageObject","inLanguage":"en-GB","@id":"https:\/\/secure.gravatar.com\/avatar\/988db4ff705a27432f0176d0317044da13eaf4eee82d9246f7cf81f2504e05c4?s=96&d=mm&r=g","url":"https:\/\/secure.gravatar.com\/avatar\/988db4ff705a27432f0176d0317044da13eaf4eee82d9246f7cf81f2504e05c4?s=96&d=mm&r=g","contentUrl":"https:\/\/secure.gravatar.com\/avatar\/988db4ff705a27432f0176d0317044da13eaf4eee82d9246f7cf81f2504e05c4?s=96&d=mm&r=g","caption":"Matthieu DHENNE"}}]}},"_links":{"self":[{"href":"https:\/\/www.dhenne-avocats.fr\/en\/wp-json\/wp\/v2\/posts\/10244","targetHints":{"allow":["GET"]}}],"collection":[{"href":"https:\/\/www.dhenne-avocats.fr\/en\/wp-json\/wp\/v2\/posts"}],"about":[{"href":"https:\/\/www.dhenne-avocats.fr\/en\/wp-json\/wp\/v2\/types\/post"}],"author":[{"embeddable":true,"href":"https:\/\/www.dhenne-avocats.fr\/en\/wp-json\/wp\/v2\/users\/4"}],"replies":[{"embeddable":true,"href":"https:\/\/www.dhenne-avocats.fr\/en\/wp-json\/wp\/v2\/comments?post=10244"}],"version-history":[{"count":3,"href":"https:\/\/www.dhenne-avocats.fr\/en\/wp-json\/wp\/v2\/posts\/10244\/revisions"}],"predecessor-version":[{"id":10858,"href":"https:\/\/www.dhenne-avocats.fr\/en\/wp-json\/wp\/v2\/posts\/10244\/revisions\/10858"}],"wp:attachment":[{"href":"https:\/\/www.dhenne-avocats.fr\/en\/wp-json\/wp\/v2\/media?parent=10244"}],"wp:term":[{"taxonomy":"category","embeddable":true,"href":"https:\/\/www.dhenne-avocats.fr\/en\/wp-json\/wp\/v2\/categories?post=10244"},{"taxonomy":"post_tag","embeddable":true,"href":"https:\/\/www.dhenne-avocats.fr\/en\/wp-json\/wp\/v2\/tags?post=10244"}],"curies":[{"name":"wp","href":"https:\/\/api.w.org\/{rel}","templated":true}]}}